{"id":6481,"date":"2020-02-13T10:48:08","date_gmt":"2020-02-13T10:48:08","guid":{"rendered":"http:\/\/www.srbatom.gov.rs\/srbatomm\/tema-nedelje-gljivice-koje-se-hrane-radioaktivnoscu\/"},"modified":"2020-02-13T10:53:09","modified_gmt":"2020-02-13T10:53:09","slug":"tema-nedelje-gljivice-koje-se-hrane-radioaktivnoscu","status":"publish","type":"post","link":"https:\/\/www.srbatom.gov.rs\/srbatomm\/tema-nedelje-gljivice-koje-se-hrane-radioaktivnoscu\/?lang=bs","title":{"rendered":"TEMA NEDELjE:  Gljivice koje se hrane radioaktivno\u0161\u0107u"},"content":{"rendered":"\n<p>Jo\u0161 1992-te godine istra\u017eiva\u010di su bili zate\u010deni otkri\u0107em vrste crnih gljivica koje su naselile napu\u0161teni nuklearni reaktor u \u010dernobiljskoj elektrani. Izgledalo je kao da razgra\u0111uju i samo grafitno jezgro. Gljivice su rasle u pravcu izvora zra\u010denja, iz \u010dega su istra\u017eiva\u010di zaklju\u010dili da one, zapravo, koriste fotohemijski proces sli\u010dan fotosintezi, samo \u0161to umesto sun\u010devog svetla, koje i ne dopire u mra\u010dni napu\u0161teni  reaktor, koriste radioaktivno zra\u010denje. <\/p>\n\n<p>Za to je odgovoran pigment melanin, koji one sadr\u017ee u velikoj koli\u010dini, a istra\u017eiva\u010di su tek deset godina kasnije podrobnije ispitali ovaj fenomen.  Princip je kao kod biljaka koje u fotosintezi koriste zeleni pigment hlorofila da apsorbuju sun\u010devu svetlost,  a ove gljivice &#8211; crni pigment melanina i radioaktivno jonizuju\u0107e zra\u010denje.<\/p>\n\n<p>Zanimljivo je da pigmenta melanina ima i u ko\u017ei ljudi, a naro\u010dito onih sa tamnijm tenom, zbog \u010dega su oni bolje za\u0161ti\u0107eni od izlaganja suncu.<\/p>\n\n<p>Uzorci osam  vrsta ovih neobi\u010dnih gljivica koje vole radijaciju, a koje su sakupljene u blizini \u010cernobilja, poslati su 2016. godine na Me\u0111unarodnu svemirsku stanicu, gde je jonizuju\u0107e zra\u010denje od 40 do 80 puta ja\u010de nego na zemlji, da bi se utvrdilo mogu li da se prilagode.<\/p>\n\n<p>Istra\u017eiva\u010di se nadaju da bi ove tamne gljivice mogle da poslu\u017ee za hranu astronautima na dugim misijama, jer su toliko otporne na jonizuju\u0107e zra\u010denje &#8211; \u010dak ga koriste za svoj rast.<\/p>\n\n<p>Za sada, rezultati jo\u0161 nisu poznati, ali su i u pro\u0161losti otkrivene sli\u010dne pojave. Naime, prona\u0111ene su spore gljivica sa visokim procentom melanina iz doba Krede, kada su izumrle mnoge biljne i \u017eivotinjske vrste, jer je Zemlja tada prolazila kroz tzv. magnetnu nulu, zbog \u010dega je tada izgubila prirodni \u201e\u0161tit\u201c od kosmi\u010dkog zra\u010denja.<\/p>\n\n<p>Dobra vest je da se priroda prilago\u0111ava, jer izgleda da gde god ima izvora energije, pojave se neke nove vrste \u017eivota. To ukazuje i na mogu\u0107nost postojanja \u017eivog sveta i drugde u kosmosu, uprkos velikoj radijaciji.<\/p>\n\n<p>Izvor:\u00a0 <a href=\"https:\/\/www.iflscience.com\/plants-and-animals\/radiationmunching-fungi-are-thriving-on-the-walls-of-chernobyls-reactors\/\" target=\"_blank\" rel=\"noopener noreferrer\">www.iflscience.com\/plants-and-animals\/radiationmunching-fungi-are-thriving-on-the-walls-of-chernobyls-reactors\/<\/a><\/p>\n","protected":false},"excerpt":{"rendered":"<p>Jo\u0161 1992-te godine istra\u017eiva\u010di su bili zate\u010deni otkri\u0107em vrste crnih gljivica koje su naselile napu\u0161teni nuklearni reaktor u \u010dernobiljskoj elektrani. Izgledalo je kao da razgra\u0111uju i samo grafitno jezgro. Gljivice su rasle u pravcu izvora zra\u010denja, iz \u010dega su istra\u017eiva\u010di zaklju\u010dili da one, zapravo, koriste fotohemijski proces sli\u010dan fotosintezi, samo \u0161to umesto sun\u010devog svetla, koje i ne dopire u mra\u010dni napu\u0161teni  reaktor, koriste radioaktivno zra\u010denje. <\/p>\n","protected":false},"author":2,"featured_media":6477,"comment_status":"closed","ping_status":"closed","sticky":false,"template":"","format":"standard","meta":{"_et_pb_use_builder":"off","_et_pb_old_content":"","_et_gb_content_width":"","ngg_post_thumbnail":0,"footnotes":""},"categories":[37,85],"tags":[],"class_list":["post-6481","post","type-post","status-publish","format-standard","has-post-thumbnail","hentry","category-news","category-tema-nedelje-bs"],"_links":{"self":[{"href":"https:\/\/www.srbatom.gov.rs\/srbatomm\/wp-json\/wp\/v2\/posts\/6481","targetHints":{"allow":["GET"]}}],"collection":[{"href":"https:\/\/www.srbatom.gov.rs\/srbatomm\/wp-json\/wp\/v2\/posts"}],"about":[{"href":"https:\/\/www.srbatom.gov.rs\/srbatomm\/wp-json\/wp\/v2\/types\/post"}],"author":[{"embeddable":true,"href":"https:\/\/www.srbatom.gov.rs\/srbatomm\/wp-json\/wp\/v2\/users\/2"}],"replies":[{"embeddable":true,"href":"https:\/\/www.srbatom.gov.rs\/srbatomm\/wp-json\/wp\/v2\/comments?post=6481"}],"version-history":[{"count":3,"href":"https:\/\/www.srbatom.gov.rs\/srbatomm\/wp-json\/wp\/v2\/posts\/6481\/revisions"}],"predecessor-version":[{"id":6484,"href":"https:\/\/www.srbatom.gov.rs\/srbatomm\/wp-json\/wp\/v2\/posts\/6481\/revisions\/6484"}],"wp:featuredmedia":[{"embeddable":true,"href":"https:\/\/www.srbatom.gov.rs\/srbatomm\/wp-json\/wp\/v2\/media\/6477"}],"wp:attachment":[{"href":"https:\/\/www.srbatom.gov.rs\/srbatomm\/wp-json\/wp\/v2\/media?parent=6481"}],"wp:term":[{"taxonomy":"category","embeddable":true,"href":"https:\/\/www.srbatom.gov.rs\/srbatomm\/wp-json\/wp\/v2\/categories?post=6481"},{"taxonomy":"post_tag","embeddable":true,"href":"https:\/\/www.srbatom.gov.rs\/srbatomm\/wp-json\/wp\/v2\/tags?post=6481"}],"curies":[{"name":"wp","href":"https:\/\/api.w.org\/{rel}","templated":true}]}}