{"id":6291,"date":"2019-09-27T11:01:00","date_gmt":"2019-09-27T11:01:00","guid":{"rendered":"http:\/\/www.srbatom.gov.rs\/srbatomm\/rer6036-evt1903033-regionalna-obuka-za-dozimetriju-po-procedurama-trs483-za-mala-staticka-fotonska-polja-koriscena-u-spoljasnjoj-radioterapiji\/"},"modified":"2020-02-06T11:30:50","modified_gmt":"2020-02-06T11:30:50","slug":"rer6036-evt1903033-regionalna-obuka-za-dozimetriju-po-procedurama-trs483-za-mala-staticka-fotonska-polja-koriscena-u-spoljasnjoj-radioterapiji","status":"publish","type":"post","link":"https:\/\/www.srbatom.gov.rs\/srbatomm\/rer6036-evt1903033-regionalna-obuka-za-dozimetriju-po-procedurama-trs483-za-mala-staticka-fotonska-polja-koriscena-u-spoljasnjoj-radioterapiji\/?lang=bs","title":{"rendered":"RER6036-EVT1903033 Regionalna obuka za dozimetriju po procedurama TRS483 za mala stati\u010dka fotonska polja kori\u0161\u0107ena u spolja\u0161njoj radioterapiji"},"content":{"rendered":"\n<p>U septembru 2019.g. na\u0161i stru\u010dnjaci prisustvovali su regionalnoj obuci \u201cRegional Training Course on TRS483 Dosimtery of small static photon field used in external beam radiotherapy\u201d, koja je odr\u017eana u Zagrebu.<\/p>\n\n<p>Program kursa obuke se sastojao iz predavanja, diskusija i prakti\u010dnih ve\u017ebi na temu dozimetrije malih stati\u010dnih fotonskih polja koja se koriste u spolja\u0161njoj radioterapiji,  a odr\u017ean je u Univerzitetskom Klini\u010dkom Centru \u201cSestre milosrdnice\u201d i Univerzitetskom klini\u010dkom centru Zagreb.<\/p>\n\n<p>Dozimetrija predstavlja zna\u010dajan deo posla medicinskog fizi\u010dara u radioterapiji, tako da svako u\u010denje i usavr\u0161avanje iz ove oblasti zna\u010dajno doprinosi pobolj\u0161anju u radu na\u0161ih institucija, kako kroz precizniju i ta\u010dniju isporuku radioterapijskog tretmana, tako i kroz njegovu sigurniju isporuku. U\u010de\u0161\u0107e na ovom trening-kursu omogu\u0107ice da se ste\u010deno znanje prenese kolegama iz mati\u010dnog instituta, kao i kolegama iz drugih centara, \u0161to doprinosi kvalitetnijem le\u010denju pacijenata.<\/p>\n","protected":false},"excerpt":{"rendered":"<p>U septembru 2019.g. na\u0161i stru\u010dnjaci prisustvovali su regionalnoj obuci \u201cRegional Training Course on TRS483 Dosimtery of small static photon field used in external beam radiotherapy\u201d, koja je odr\u017eana u Zagrebu. Program kursa obuke se sastojao iz predavanja, diskusija i prakti\u010dnih ve\u017ebi na temu dozimetrije malih stati\u010dnih fotonskih polja koja se koriste u spolja\u0161njoj radioterapiji, a [&hellip;]<\/p>\n","protected":false},"author":2,"featured_media":6288,"comment_status":"closed","ping_status":"closed","sticky":false,"template":"","format":"standard","meta":{"_et_pb_use_builder":"off","_et_pb_old_content":"","_et_gb_content_width":"","ngg_post_thumbnail":0,"footnotes":""},"categories":[41],"tags":[],"class_list":["post-6291","post","type-post","status-publish","format-standard","has-post-thumbnail","hentry","category-news-from-events"],"_links":{"self":[{"href":"https:\/\/www.srbatom.gov.rs\/srbatomm\/wp-json\/wp\/v2\/posts\/6291","targetHints":{"allow":["GET"]}}],"collection":[{"href":"https:\/\/www.srbatom.gov.rs\/srbatomm\/wp-json\/wp\/v2\/posts"}],"about":[{"href":"https:\/\/www.srbatom.gov.rs\/srbatomm\/wp-json\/wp\/v2\/types\/post"}],"author":[{"embeddable":true,"href":"https:\/\/www.srbatom.gov.rs\/srbatomm\/wp-json\/wp\/v2\/users\/2"}],"replies":[{"embeddable":true,"href":"https:\/\/www.srbatom.gov.rs\/srbatomm\/wp-json\/wp\/v2\/comments?post=6291"}],"version-history":[{"count":1,"href":"https:\/\/www.srbatom.gov.rs\/srbatomm\/wp-json\/wp\/v2\/posts\/6291\/revisions"}],"predecessor-version":[{"id":6292,"href":"https:\/\/www.srbatom.gov.rs\/srbatomm\/wp-json\/wp\/v2\/posts\/6291\/revisions\/6292"}],"wp:featuredmedia":[{"embeddable":true,"href":"https:\/\/www.srbatom.gov.rs\/srbatomm\/wp-json\/wp\/v2\/media\/6288"}],"wp:attachment":[{"href":"https:\/\/www.srbatom.gov.rs\/srbatomm\/wp-json\/wp\/v2\/media?parent=6291"}],"wp:term":[{"taxonomy":"category","embeddable":true,"href":"https:\/\/www.srbatom.gov.rs\/srbatomm\/wp-json\/wp\/v2\/categories?post=6291"},{"taxonomy":"post_tag","embeddable":true,"href":"https:\/\/www.srbatom.gov.rs\/srbatomm\/wp-json\/wp\/v2\/tags?post=6291"}],"curies":[{"name":"wp","href":"https:\/\/api.w.org\/{rel}","templated":true}]}}