{"id":5587,"date":"2019-11-28T13:09:40","date_gmt":"2019-11-28T13:09:40","guid":{"rendered":"http:\/\/www.srbatom.gov.rs\/srbatomm\/maae-sastanak-evropskih-nacionalnih-oficira-za-vezu-tehnicka-saradnja-u-okviru-sektora-za-evropu\/"},"modified":"2019-11-28T13:47:34","modified_gmt":"2019-11-28T13:47:34","slug":"maae-sastanak-evropskih-nacionalnih-oficira-za-vezu-tehnicka-saradnja-u-okviru-sektora-za-evropu","status":"publish","type":"post","link":"https:\/\/www.srbatom.gov.rs\/srbatomm\/maae-sastanak-evropskih-nacionalnih-oficira-za-vezu-tehnicka-saradnja-u-okviru-sektora-za-evropu\/?lang=bs","title":{"rendered":"MAAE: Sastanak evropskih nacionalnih oficira za vezu, Tehni\u010dka saradnja u okviru Sektora za Evropu"},"content":{"rendered":"\n<p>&#13;\nOd 28. do 29. novembra odr\u017eava se sastanak evropskih nacionalnih oficira za vezu, u prostorijama Me\u0111unarodne agencije za atomsku energiju u Be\u010du, sa temom: Tehni\u010dka saradnja u okviru Sektora za Evropu, gde u\u010destvuje i nacionalni oficir za vezu Srbije, Sla\u0111an Velinov, direktor Direktorata za radijacionu i nuklearnu sigurnost i bezbednost Srbije.&#13;\n<\/p>\n\n<p>Na dnevnom redu je, pre svega, Program tehni\u010dke saradnje za 2020-2021. godinu, sa nacionalnim i regionalnim detaljima, \u010diji pregled iznosti gospo\u0111a Ana Rafo Kaiado, direktorka Sektora za Evropu. Va\u017ena ta\u010dka je i razmatranja za plan Tehni\u010dke saradnje u periodu 2022-23. Od odabranih tema, za tehni\u010dku prezentaciju su izdvojene: radijaciona obrada, radiolo\u0161ki traga\u010di, primene zatvorenih izvora i upravljanje znanjem.<\/p>\n","protected":false},"excerpt":{"rendered":"<p>&#13; Od 28. do 29. novembra odr\u017eava se sastanak evropskih nacionalnih oficira za vezu, u prostorijama Me\u0111unarodne agencije za atomsku energiju u Be\u010du, sa temom: Tehni\u010dka saradnja u okviru Sektora za Evropu, gde u\u010destvuje i nacionalni oficir za vezu Srbije, Sla\u0111an Velinov, direktor Direktorata za radijacionu i nuklearnu sigurnost i bezbednost Srbije.&#13; Na dnevnom redu [&hellip;]<\/p>\n","protected":false},"author":2,"featured_media":5675,"comment_status":"closed","ping_status":"closed","sticky":false,"template":"","format":"standard","meta":{"_et_pb_use_builder":"off","_et_pb_old_content":"","_et_gb_content_width":"","ngg_post_thumbnail":0,"footnotes":""},"categories":[41],"tags":[],"class_list":["post-5587","post","type-post","status-publish","format-standard","has-post-thumbnail","hentry","category-news-from-events"],"_links":{"self":[{"href":"https:\/\/www.srbatom.gov.rs\/srbatomm\/wp-json\/wp\/v2\/posts\/5587","targetHints":{"allow":["GET"]}}],"collection":[{"href":"https:\/\/www.srbatom.gov.rs\/srbatomm\/wp-json\/wp\/v2\/posts"}],"about":[{"href":"https:\/\/www.srbatom.gov.rs\/srbatomm\/wp-json\/wp\/v2\/types\/post"}],"author":[{"embeddable":true,"href":"https:\/\/www.srbatom.gov.rs\/srbatomm\/wp-json\/wp\/v2\/users\/2"}],"replies":[{"embeddable":true,"href":"https:\/\/www.srbatom.gov.rs\/srbatomm\/wp-json\/wp\/v2\/comments?post=5587"}],"version-history":[{"count":1,"href":"https:\/\/www.srbatom.gov.rs\/srbatomm\/wp-json\/wp\/v2\/posts\/5587\/revisions"}],"predecessor-version":[{"id":5588,"href":"https:\/\/www.srbatom.gov.rs\/srbatomm\/wp-json\/wp\/v2\/posts\/5587\/revisions\/5588"}],"wp:featuredmedia":[{"embeddable":true,"href":"https:\/\/www.srbatom.gov.rs\/srbatomm\/wp-json\/wp\/v2\/media\/5675"}],"wp:attachment":[{"href":"https:\/\/www.srbatom.gov.rs\/srbatomm\/wp-json\/wp\/v2\/media?parent=5587"}],"wp:term":[{"taxonomy":"category","embeddable":true,"href":"https:\/\/www.srbatom.gov.rs\/srbatomm\/wp-json\/wp\/v2\/categories?post=5587"},{"taxonomy":"post_tag","embeddable":true,"href":"https:\/\/www.srbatom.gov.rs\/srbatomm\/wp-json\/wp\/v2\/tags?post=5587"}],"curies":[{"name":"wp","href":"https:\/\/api.w.org\/{rel}","templated":true}]}}