{"id":4231,"date":"2019-11-01T21:10:13","date_gmt":"2019-11-01T21:10:13","guid":{"rendered":"http:\/\/www.srbatom.gov.rs\/srbatomm\/ucesce-predstavnika-direktorata-na-zasedanju-herca\/"},"modified":"2019-11-06T21:10:47","modified_gmt":"2019-11-06T21:10:47","slug":"ucesce-predstavnika-direktorata-na-zasedanju-herca","status":"publish","type":"post","link":"https:\/\/www.srbatom.gov.rs\/srbatomm\/ucesce-predstavnika-direktorata-na-zasedanju-herca\/?lang=bs","title":{"rendered":"U\u010de\u0161\u0107e predstavnika Direktorata na zasedanju HERCA"},"content":{"rendered":"\n<p>Predstavnici Direktorata u\u010destvovali su, kao predstavnici zemlje \u010dlanice, na jesenjem zasedanju udru\u017eenja Rukovodilaca evropskih tela nadle\u017enih za za\u0161titu od zra\u010denja HERCA (Heads of the European Radiological Protection Competent Authorities) 30. i 31. oktobra 2019 u Rimu.<\/p>\n","protected":false},"excerpt":{"rendered":"<p>Predstavnici Direktorata u\u010destvovali su, kao predstavnici zemlje \u010dlanice, na jesenjem zasedanju udru\u017eenja Rukovodilaca evropskih tela nadle\u017enih za za\u0161titu od zra\u010denja HERCA (Heads of the European Radiological Protection Competent Authorities) 30. i 31. oktobra 2019 u Rimu.<\/p>\n","protected":false},"author":2,"featured_media":4226,"comment_status":"closed","ping_status":"open","sticky":false,"template":"","format":"standard","meta":{"_et_pb_use_builder":"off","_et_pb_old_content":"","_et_gb_content_width":"","ngg_post_thumbnail":0,"footnotes":""},"categories":[39],"tags":[],"class_list":["post-4231","post","type-post","status-publish","format-standard","has-post-thumbnail","hentry","category-press-releases"],"_links":{"self":[{"href":"https:\/\/www.srbatom.gov.rs\/srbatomm\/wp-json\/wp\/v2\/posts\/4231","targetHints":{"allow":["GET"]}}],"collection":[{"href":"https:\/\/www.srbatom.gov.rs\/srbatomm\/wp-json\/wp\/v2\/posts"}],"about":[{"href":"https:\/\/www.srbatom.gov.rs\/srbatomm\/wp-json\/wp\/v2\/types\/post"}],"author":[{"embeddable":true,"href":"https:\/\/www.srbatom.gov.rs\/srbatomm\/wp-json\/wp\/v2\/users\/2"}],"replies":[{"embeddable":true,"href":"https:\/\/www.srbatom.gov.rs\/srbatomm\/wp-json\/wp\/v2\/comments?post=4231"}],"version-history":[{"count":2,"href":"https:\/\/www.srbatom.gov.rs\/srbatomm\/wp-json\/wp\/v2\/posts\/4231\/revisions"}],"predecessor-version":[{"id":4233,"href":"https:\/\/www.srbatom.gov.rs\/srbatomm\/wp-json\/wp\/v2\/posts\/4231\/revisions\/4233"}],"wp:featuredmedia":[{"embeddable":true,"href":"https:\/\/www.srbatom.gov.rs\/srbatomm\/wp-json\/wp\/v2\/media\/4226"}],"wp:attachment":[{"href":"https:\/\/www.srbatom.gov.rs\/srbatomm\/wp-json\/wp\/v2\/media?parent=4231"}],"wp:term":[{"taxonomy":"category","embeddable":true,"href":"https:\/\/www.srbatom.gov.rs\/srbatomm\/wp-json\/wp\/v2\/categories?post=4231"},{"taxonomy":"post_tag","embeddable":true,"href":"https:\/\/www.srbatom.gov.rs\/srbatomm\/wp-json\/wp\/v2\/tags?post=4231"}],"curies":[{"name":"wp","href":"https:\/\/api.w.org\/{rel}","templated":true}]}}