{"id":3889,"date":"2019-05-27T21:30:27","date_gmt":"2019-05-27T21:30:27","guid":{"rendered":"http:\/\/www.srbatom.gov.rs\/srbatomm\/predstavnik-srbije-na-radionici-o-primeni-receptorskih-modela-za-identifikaciju-izvora-i-mapiranje-aerozagadjenja-u-sloveniji\/"},"modified":"2019-11-04T21:30:53","modified_gmt":"2019-11-04T21:30:53","slug":"predstavnik-srbije-na-radionici-o-primeni-receptorskih-modela-za-identifikaciju-izvora-i-mapiranje-aerozagadjenja-u-sloveniji","status":"publish","type":"post","link":"https:\/\/www.srbatom.gov.rs\/srbatomm\/predstavnik-srbije-na-radionici-o-primeni-receptorskih-modela-za-identifikaciju-izvora-i-mapiranje-aerozagadjenja-u-sloveniji\/?lang=bs","title":{"rendered":"Predstavnik Srbije na radionici o primeni receptorskih modela za identifikaciju izvora i mapiranje aerozaga\u0111enja u Sloveniji"},"content":{"rendered":"\n<p>Predstavnik Agencije za za\u0161titu \u017eivotne sredine, imenovan od Direktorata za radijacionu i nuklearnu sigurnost i bezbednost, u\u010destvovao je na regionalnoj radionici pod nazivom \u201eNajnovija dostignu\u0107a u primeni receptorskih modela za identifikaciju izvora i mapiranje aerozaga\u0111enja\u201c, koja je odr\u017eana je od 20. do 24. maja, u Ljubljani, u Sloveniji.<\/p>\n\n\n\n<p> Stru\u010dnjaci iz 17 zemalja su tokom radionice bili u prilici da se upoznaju sa unapre\u0111enim statisti\u010dkim alatima, \u010dija primena poma\u017ee u boljem razumevanju porekla zaga\u0111enja vazduha koje postoji usled prisustva suspendovanih \u010destica PM10 i PM2.5.<\/p>\n\n\n\n<p>Dalji rad na usvajanju ovih alata, zajedno sa monitoringom kvaliteta vazduha koji se vr\u0161i u okviru dr\u017eavne mre\u017ee, omogu\u0107i\u0107e dobijanje pouzdanije slike o doprinosu pojedinih izvora zaga\u0111enja, \u0161to \u0107e ujedno unaprediti budu\u0107e planove u vezi sa pobolj\u0161ljnjem kvaliteta vazduha.<\/p>\n\n\n\n<p>Doma\u0107in ove radionice bio je Institut \u201eJo\u017eef \u0160tefan\u201c, iz Ljubljane.<\/p>\n","protected":false},"excerpt":{"rendered":"<p>Predstavnik Agencije za za\u0161titu \u017eivotne sredine, imenovan od Direktorata za radijacionu i nuklearnu sigurnost i bezbednost, u\u010destvovao je na regionalnoj radionici pod nazivom \u201eNajnovija dostignu\u0107a u primeni receptorskih modela za identifikaciju izvora i mapiranje aerozaga\u0111enja\u201c, koja je odr\u017eana je od 20. do 24. maja, u Ljubljani, u Sloveniji.<\/p>\n","protected":false},"author":2,"featured_media":2617,"comment_status":"closed","ping_status":"open","sticky":false,"template":"","format":"standard","meta":{"_et_pb_use_builder":"off","_et_pb_old_content":"","_et_gb_content_width":"","ngg_post_thumbnail":0,"footnotes":""},"categories":[41],"tags":[],"class_list":["post-3889","post","type-post","status-publish","format-standard","has-post-thumbnail","hentry","category-news-from-events"],"_links":{"self":[{"href":"https:\/\/www.srbatom.gov.rs\/srbatomm\/wp-json\/wp\/v2\/posts\/3889","targetHints":{"allow":["GET"]}}],"collection":[{"href":"https:\/\/www.srbatom.gov.rs\/srbatomm\/wp-json\/wp\/v2\/posts"}],"about":[{"href":"https:\/\/www.srbatom.gov.rs\/srbatomm\/wp-json\/wp\/v2\/types\/post"}],"author":[{"embeddable":true,"href":"https:\/\/www.srbatom.gov.rs\/srbatomm\/wp-json\/wp\/v2\/users\/2"}],"replies":[{"embeddable":true,"href":"https:\/\/www.srbatom.gov.rs\/srbatomm\/wp-json\/wp\/v2\/comments?post=3889"}],"version-history":[{"count":2,"href":"https:\/\/www.srbatom.gov.rs\/srbatomm\/wp-json\/wp\/v2\/posts\/3889\/revisions"}],"predecessor-version":[{"id":3891,"href":"https:\/\/www.srbatom.gov.rs\/srbatomm\/wp-json\/wp\/v2\/posts\/3889\/revisions\/3891"}],"wp:featuredmedia":[{"embeddable":true,"href":"https:\/\/www.srbatom.gov.rs\/srbatomm\/wp-json\/wp\/v2\/media\/2617"}],"wp:attachment":[{"href":"https:\/\/www.srbatom.gov.rs\/srbatomm\/wp-json\/wp\/v2\/media?parent=3889"}],"wp:term":[{"taxonomy":"category","embeddable":true,"href":"https:\/\/www.srbatom.gov.rs\/srbatomm\/wp-json\/wp\/v2\/categories?post=3889"},{"taxonomy":"post_tag","embeddable":true,"href":"https:\/\/www.srbatom.gov.rs\/srbatomm\/wp-json\/wp\/v2\/tags?post=3889"}],"curies":[{"name":"wp","href":"https:\/\/api.w.org\/{rel}","templated":true}]}}