{"id":3682,"date":"2019-09-17T15:04:51","date_gmt":"2019-09-17T15:04:51","guid":{"rendered":"http:\/\/www.srbatom.gov.rs\/srbatomm\/nasi-delegati-na-predstavljanju-medjunarodne-konferencije-o-nuklearnoj-bezbednosti-i-dekomisije-ne-fukusima-daici\/"},"modified":"2019-11-03T15:05:26","modified_gmt":"2019-11-03T15:05:26","slug":"nasi-delegati-na-predstavljanju-medjunarodne-konferencije-o-nuklearnoj-bezbednosti-i-dekomisije-ne-fukusima-daici","status":"publish","type":"post","link":"https:\/\/www.srbatom.gov.rs\/srbatomm\/nasi-delegati-na-predstavljanju-medjunarodne-konferencije-o-nuklearnoj-bezbednosti-i-dekomisije-ne-fukusima-daici\/?lang=bs","title":{"rendered":"Na\u0161i delegati na predstavljanju Me\u0111unarodne konferencije o nuklearnoj bezbednosti i dekomisije NE Fuku\u0161ima Dai\u010di"},"content":{"rendered":"\n<p>Predstavnici Direktorata za radijacionu i nuklearnu sigurnost i bezbednost Srbije ju\u010de su prisustvovali, u okviru 63. zasedanja Generalne konferencije Me\u0111unarodne agencije za atomsku energiju (MAAE) predstavljanju Me\u0111unarodne konferencije o nuklearnoj bezbednosti, koja \u0107e biti odr\u017eana od 10. do 14. februara slede\u0107e godine u sedi\u0161tu MAAE, u Be\u010du.<\/p>\n\n\n\n<p>Na skupu je istaknut izuzetan zna\u010daj ove Konferencije za o\u010duvanje i dalje ja\u010danje nacionalnih re\u017eima nuklearne bezbednosti, kao me\u0111unarodne saradnje u globalnom ja\u010danju nuklearne bezbednosti.<\/p>\n\n\n\n<figure class=\"wp-block-image\"><img loading=\"lazy\" decoding=\"async\" width=\"1024\" height=\"768\" src=\"https:\/\/www.srbatom.gov.rs\/srbatomm\/wp-content\/uploads\/2019\/10\/GK2019-2dan-1-1024x768.jpg\" alt=\"\" class=\"wp-image-2483\"\/><\/figure>\n\n\n\n<p>Delegacija Republike Srbije, tako\u0111e je tokom ju\u010dera\u0161njeg dana prisustvovala prezentaciji o statusu i aktivnostima na dekomisiji nuklearne elektrane Fuku\u0161ima Dai\u010di.<\/p>\n","protected":false},"excerpt":{"rendered":"<p>Predstavnici Direktorata za radijacionu i nuklearnu sigurnost i bezbednost Srbije ju\u010de su prisustvovali, u okviru 63. zasedanja Generalne konferencije Me\u0111unarodne agencije za atomsku energiju (MAAE) predstavljanju Me\u0111unarodne konferencije o nuklearnoj bezbednosti, koja \u0107e biti odr\u017eana od 10. do 14. februara slede\u0107e godine u sedi\u0161tu MAAE, u Be\u010du.<\/p>\n","protected":false},"author":2,"featured_media":2481,"comment_status":"closed","ping_status":"open","sticky":false,"template":"","format":"standard","meta":{"_et_pb_use_builder":"off","_et_pb_old_content":"","_et_gb_content_width":"","ngg_post_thumbnail":0,"footnotes":""},"categories":[39],"tags":[],"class_list":["post-3682","post","type-post","status-publish","format-standard","has-post-thumbnail","hentry","category-press-releases"],"_links":{"self":[{"href":"https:\/\/www.srbatom.gov.rs\/srbatomm\/wp-json\/wp\/v2\/posts\/3682","targetHints":{"allow":["GET"]}}],"collection":[{"href":"https:\/\/www.srbatom.gov.rs\/srbatomm\/wp-json\/wp\/v2\/posts"}],"about":[{"href":"https:\/\/www.srbatom.gov.rs\/srbatomm\/wp-json\/wp\/v2\/types\/post"}],"author":[{"embeddable":true,"href":"https:\/\/www.srbatom.gov.rs\/srbatomm\/wp-json\/wp\/v2\/users\/2"}],"replies":[{"embeddable":true,"href":"https:\/\/www.srbatom.gov.rs\/srbatomm\/wp-json\/wp\/v2\/comments?post=3682"}],"version-history":[{"count":3,"href":"https:\/\/www.srbatom.gov.rs\/srbatomm\/wp-json\/wp\/v2\/posts\/3682\/revisions"}],"predecessor-version":[{"id":3685,"href":"https:\/\/www.srbatom.gov.rs\/srbatomm\/wp-json\/wp\/v2\/posts\/3682\/revisions\/3685"}],"wp:featuredmedia":[{"embeddable":true,"href":"https:\/\/www.srbatom.gov.rs\/srbatomm\/wp-json\/wp\/v2\/media\/2481"}],"wp:attachment":[{"href":"https:\/\/www.srbatom.gov.rs\/srbatomm\/wp-json\/wp\/v2\/media?parent=3682"}],"wp:term":[{"taxonomy":"category","embeddable":true,"href":"https:\/\/www.srbatom.gov.rs\/srbatomm\/wp-json\/wp\/v2\/categories?post=3682"},{"taxonomy":"post_tag","embeddable":true,"href":"https:\/\/www.srbatom.gov.rs\/srbatomm\/wp-json\/wp\/v2\/tags?post=3682"}],"curies":[{"name":"wp","href":"https:\/\/api.w.org\/{rel}","templated":true}]}}