{"id":2339,"date":"2019-10-17T08:13:44","date_gmt":"2019-10-17T08:13:44","guid":{"rendered":"http:\/\/www.srbatom.gov.rs\/srbatomm\/predstavnici-direktorata-na-sastanku-nacionalnih-koordinatora-za-vezu-sa-maae-regiona-evrope-na-63-zasedanju-generalne-konferencije\/"},"modified":"2019-10-17T08:13:44","modified_gmt":"2019-10-17T08:13:44","slug":"predstavnici-direktorata-na-sastanku-nacionalnih-koordinatora-za-vezu-sa-maae-regiona-evrope-na-63-zasedanju-generalne-konferencije","status":"publish","type":"post","link":"https:\/\/www.srbatom.gov.rs\/srbatomm\/predstavnici-direktorata-na-sastanku-nacionalnih-koordinatora-za-vezu-sa-maae-regiona-evrope-na-63-zasedanju-generalne-konferencije\/?lang=bs","title":{"rendered":"Predstavnici Direktorata na Sastanku nacionalnih koordinatora za vezu sa MAAE regiona Evrope na 63. zasedanju Generalne konferencije"},"content":{"rendered":"\r\n<p> Predstavnici Direktorata za radijacionu i nuklearnu sigurnost i bezbednost Srbije prisustvovali su danas sastanku nacionalnih koordinatora za vezu sa Me\u0111unarodnom agencijom za atomsku energiju (MAAE), regiona Evrope, u okviru 63. zasedanja Generalne konferencije. Na sastanku se govorilo o predstoje\u0107em ciklusu programa tehni\u010dke saradnje za period 2020 &#8211; 2021. godine.<\/p>\r\n\r\n\r\n\r\n<p>Naro\u010dita pa\u017enja bila je usmerena na aktivnosti regionalnog projekta, koji se odnosi na razvoj master studija iz oblasti nuklearne sigurnosti i bezbednosti u regionu Evrope.<\/p>\r\n\r\n\r\n\r\n<p>Posebno su razmatrana tehni\u010dka pitanja koja se odnose na ka\u0161njenje u nabavci opreme, \u0161to je za Republiku Srbiju od posebnog interesa, imaju\u0107i u vidu skora\u0161nja iskustva u implementaciji nacionalnih projekata.<\/p>\r\n","protected":false},"excerpt":{"rendered":"<p>Predstavnici Direktorata za radijacionu i nuklearnu sigurnost i bezbednost Srbije prisustvovali su danas sastanku nacionalnih koordinatora za vezu sa Me\u0111unarodnom agencijom za atomsku energiju (MAAE), regiona Evrope, u okviru 63. zasedanja Generalne konferencije. Na sastanku se govorilo o predstoje\u0107em ciklusu programa tehni\u010dke saradnje za period 2020 &#8211; 2021. godine. Naro\u010dita pa\u017enja bila je usmerena na [&hellip;]<\/p>\n","protected":false},"author":2,"featured_media":707,"comment_status":"closed","ping_status":"open","sticky":false,"template":"","format":"standard","meta":{"_et_pb_use_builder":"off","_et_pb_old_content":"","_et_gb_content_width":"","ngg_post_thumbnail":0,"footnotes":""},"categories":[38,36],"tags":[],"class_list":["post-2339","post","type-post","status-publish","format-standard","has-post-thumbnail","hentry","category-saopstenja-bs","category-vesti"],"_links":{"self":[{"href":"https:\/\/www.srbatom.gov.rs\/srbatomm\/wp-json\/wp\/v2\/posts\/2339","targetHints":{"allow":["GET"]}}],"collection":[{"href":"https:\/\/www.srbatom.gov.rs\/srbatomm\/wp-json\/wp\/v2\/posts"}],"about":[{"href":"https:\/\/www.srbatom.gov.rs\/srbatomm\/wp-json\/wp\/v2\/types\/post"}],"author":[{"embeddable":true,"href":"https:\/\/www.srbatom.gov.rs\/srbatomm\/wp-json\/wp\/v2\/users\/2"}],"replies":[{"embeddable":true,"href":"https:\/\/www.srbatom.gov.rs\/srbatomm\/wp-json\/wp\/v2\/comments?post=2339"}],"version-history":[{"count":0,"href":"https:\/\/www.srbatom.gov.rs\/srbatomm\/wp-json\/wp\/v2\/posts\/2339\/revisions"}],"wp:featuredmedia":[{"embeddable":true,"href":"https:\/\/www.srbatom.gov.rs\/srbatomm\/wp-json\/wp\/v2\/media\/707"}],"wp:attachment":[{"href":"https:\/\/www.srbatom.gov.rs\/srbatomm\/wp-json\/wp\/v2\/media?parent=2339"}],"wp:term":[{"taxonomy":"category","embeddable":true,"href":"https:\/\/www.srbatom.gov.rs\/srbatomm\/wp-json\/wp\/v2\/categories?post=2339"},{"taxonomy":"post_tag","embeddable":true,"href":"https:\/\/www.srbatom.gov.rs\/srbatomm\/wp-json\/wp\/v2\/tags?post=2339"}],"curies":[{"name":"wp","href":"https:\/\/api.w.org\/{rel}","templated":true}]}}