{"id":22500,"date":"2025-02-21T10:49:55","date_gmt":"2025-02-21T10:49:55","guid":{"rendered":"https:\/\/www.srbatom.gov.rs\/srbatomm\/direktor-direktorata-na-prijemu-ambasade-japana-povodom-proslave-rodjendana-japanskog-cara\/"},"modified":"2025-02-21T10:59:51","modified_gmt":"2025-02-21T10:59:51","slug":"direktor-direktorata-na-prijemu-ambasade-japana-povodom-proslave-rodjendana-japanskog-cara","status":"publish","type":"post","link":"https:\/\/www.srbatom.gov.rs\/srbatomm\/direktor-direktorata-na-prijemu-ambasade-japana-povodom-proslave-rodjendana-japanskog-cara\/?lang=bs","title":{"rendered":"Direktor Direktorata na prijemu ambasade Japana povodom proslave ro\u0111endana japanskog cara"},"content":{"rendered":"\n<p>Direktor Direktorata za radijacionu i nuklearnu sigurnost i bezbednost Srbije, Sla\u0111an Velinov, sa najbli\u017eim saradnicima sino\u0107 je bio gost na sve\u010danom prijemu povodom proslave 65. ro\u0111endana cara Japana Naruhita, koji je organizovala Ambasada Japana, u Beogradu. <\/p>\n\n\n\n<figure class=\"wp-block-image aligncenter size-large is-resized\"><img loading=\"lazy\" decoding=\"async\" width=\"1024\" height=\"661\" src=\"https:\/\/www.srbatom.gov.rs\/srbatomm\/wp-content\/uploads\/2025\/02\/viber_image_2025-02-20_20-43-57-219-1024x661.jpg\" alt=\"\" class=\"wp-image-22487\" style=\"width:629px;height:auto\"\/><\/figure>\n\n\n\n<p>Njegova ekselencija ambasador Japana u Srbiji, Imamura Akira, je ovu priliku iskoristio da se zahvali Vladi i narodu Republike Srbije, istakav\u0161i da je protekla godina bila plodonosna za odnose Japana i Srbije.<\/p>\n\n\n\n<p>\u201eSvedo\u010dili smo ministarskim posetama, dolasku velike poslovne delegacije iz Japana kao i najavama novih investicija vode\u0107ih japanskih proizvo\u0111a\u010da\u201c, rekao je ambasador. On je podsetio prisutne da su dve zemlje uspostavile prvi zvani\u010dni kontakt 1882. kada je \u010dukundeda Naruhita, car Mei\u0111i, razmenio pisma sa kraljem Milanom Obrenovi\u0107em.  <\/p>\n\n\n\n<figure class=\"wp-block-image aligncenter size-large is-resized\"><img loading=\"lazy\" decoding=\"async\" width=\"1024\" height=\"576\" src=\"https:\/\/www.srbatom.gov.rs\/srbatomm\/wp-content\/uploads\/2025\/02\/viber_image_2025-02-20_20-43-57-065-1024x576.jpg\" alt=\"\" class=\"wp-image-22493\" style=\"width:659px;height:auto\"\/><\/figure>\n\n\n\n<p>Prijemu su prisustvovali predsednica Pokrajinske vlade Maja Gojkovi\u0107, brojni ministri i funkcioneri Vlade Republike Srbije, ambasadori i crkveni velikodostojnici.<\/p>\n\n\n\n<p>Ro\u0111endan japanskog cara, je nacionalni praznik Japana i tradicionalno se svake godine \u00a0proslavlja u diplomatskim predstavni\u0161tvima\u00a0Japana\u00a0\u0161irom sveta.<\/p>\n\n\n\n<p><\/p>\n\n\n\n<figure class=\"wp-block-image aligncenter size-large is-resized\"><img loading=\"lazy\" decoding=\"async\" width=\"1024\" height=\"576\" src=\"https:\/\/www.srbatom.gov.rs\/srbatomm\/wp-content\/uploads\/2025\/02\/viber_image_2025-02-20_20-43-56-995-1024x576.jpg\" alt=\"\" class=\"wp-image-22490\" style=\"width:657px;height:auto\"\/><\/figure>\n","protected":false},"excerpt":{"rendered":"<p>Direktor Direktorata za radijacionu i nuklearnu sigurnost i bezbednost Srbije, Sla\u0111an Velinov, sa najbli\u017eim saradnicima sino\u0107 je bio gost na sve\u010danom prijemu povodom proslave 65. ro\u0111endana cara Japana Naruhita, <\/p>\n","protected":false},"author":2,"featured_media":22485,"comment_status":"closed","ping_status":"closed","sticky":false,"template":"","format":"standard","meta":{"_et_pb_use_builder":"off","_et_pb_old_content":"","_et_gb_content_width":"","ngg_post_thumbnail":0,"footnotes":""},"categories":[38,36],"tags":[],"class_list":["post-22500","post","type-post","status-publish","format-standard","has-post-thumbnail","hentry","category-saopstenja-bs","category-vesti"],"_links":{"self":[{"href":"https:\/\/www.srbatom.gov.rs\/srbatomm\/wp-json\/wp\/v2\/posts\/22500","targetHints":{"allow":["GET"]}}],"collection":[{"href":"https:\/\/www.srbatom.gov.rs\/srbatomm\/wp-json\/wp\/v2\/posts"}],"about":[{"href":"https:\/\/www.srbatom.gov.rs\/srbatomm\/wp-json\/wp\/v2\/types\/post"}],"author":[{"embeddable":true,"href":"https:\/\/www.srbatom.gov.rs\/srbatomm\/wp-json\/wp\/v2\/users\/2"}],"replies":[{"embeddable":true,"href":"https:\/\/www.srbatom.gov.rs\/srbatomm\/wp-json\/wp\/v2\/comments?post=22500"}],"version-history":[{"count":2,"href":"https:\/\/www.srbatom.gov.rs\/srbatomm\/wp-json\/wp\/v2\/posts\/22500\/revisions"}],"predecessor-version":[{"id":22502,"href":"https:\/\/www.srbatom.gov.rs\/srbatomm\/wp-json\/wp\/v2\/posts\/22500\/revisions\/22502"}],"wp:featuredmedia":[{"embeddable":true,"href":"https:\/\/www.srbatom.gov.rs\/srbatomm\/wp-json\/wp\/v2\/media\/22485"}],"wp:attachment":[{"href":"https:\/\/www.srbatom.gov.rs\/srbatomm\/wp-json\/wp\/v2\/media?parent=22500"}],"wp:term":[{"taxonomy":"category","embeddable":true,"href":"https:\/\/www.srbatom.gov.rs\/srbatomm\/wp-json\/wp\/v2\/categories?post=22500"},{"taxonomy":"post_tag","embeddable":true,"href":"https:\/\/www.srbatom.gov.rs\/srbatomm\/wp-json\/wp\/v2\/tags?post=22500"}],"curies":[{"name":"wp","href":"https:\/\/api.w.org\/{rel}","templated":true}]}}