{"id":22149,"date":"2024-12-16T14:18:59","date_gmt":"2024-12-16T14:18:59","guid":{"rendered":"https:\/\/www.srbatom.gov.rs\/srbatomm\/iz-ugla-struke-sta-nas-ceka-nakon-ukidanja-zakona-o-zabrani-gradnje-nuklearnih-elektrana\/"},"modified":"2025-01-03T08:27:03","modified_gmt":"2025-01-03T08:27:03","slug":"iz-ugla-struke-sta-nas-ceka-nakon-ukidanja-zakona-o-zabrani-gradnje-nuklearnih-elektrana","status":"publish","type":"post","link":"https:\/\/www.srbatom.gov.rs\/srbatomm\/iz-ugla-struke-sta-nas-ceka-nakon-ukidanja-zakona-o-zabrani-gradnje-nuklearnih-elektrana\/?lang=bs","title":{"rendered":"Iz ugla struke \u2013 \u0160ta nas \u010deka nakon ukidanja Zakona o zabrani gradnje nuklearnih elektrana"},"content":{"rendered":"\n<p>Usvajanjem Zakona o izmenama i dopunama Zakona o energetici u Skup\u0161tini Republike Srbije, 29. novembra ove godine, prestao je da va\u017ei Zakon o zabrani gradnje nuklearnih elektrana, koji je bio na snazi punih 35 godina.<\/p>\n\n\n\n<p>Podse\u0107amo da su predstavnici Direktorata za radijacionu i nuklearnu sigurnost i bezbednost Srbije, zajedno sa &nbsp;predstavnicima dr\u017eavnih organa i organizacija, javnih slu\u017ebi, privrednih subjekata i stru\u010dne javnosti, u\u010destvovali na javnoj raspravi o Nacrtu zakona o izmenama i dopunama Zakona o energetici, koja je sprovedena u periodu od&nbsp; 21. avgusta do 10. septembra ove godine.<\/p>\n\n\n\n<p>Na Prvom samitu o nuklearnoj energiji, odr\u017eanom martu ove godine, u Briselu, usvojena je Deklaracija, kojom se potvr\u0111uje sna\u017ena posve\u0107enost nuklearnoj energiji kao klju\u010dnoj komponenti globalne strategije za smanjenje emisija gasova staklene ba\u0161te iz energetskog i industrijskog sektora, osiguravanje energetske sigurnosti, pove\u0107anje energetske otpornosti i promovisanje dugoro\u010dnog odr\u017eivog razvoja i tranzicije \u010diste energije.<\/p>\n\n\n\n<p>Ukidanje Zakona o zabrani gradnje nuklearnih elektrana, ili kako se \u010desto u doma\u0107oj javnosti navodi, \u201eukidanje moratorijuma na izgradnju nuklearnih elektrana\u201c je po\u010detak dugoro\u010dnog procesa ka izgradnji nuklearnih elektrana, po re\u010dima dr \u0110or\u0111a Lazarevi\u0107a, vi\u0161eg nau\u010dnog saradnika Elektrotehni\u010dkog&nbsp;instituta Nikola Tesla, u Beogradu.<\/p>\n\n\n\n<p>Dr \u0110or\u0111e Lazarevi\u0107, u&nbsp;<a href=\"https:\/\/energijabalkana.net\/srbija-ukinula-moratorijum-na-izgradnju-nuklearnih-elektrana-sta-sada\/\" target=\"_blank\" rel=\"noreferrer noopener\">autorskom tekstu<\/a>, objavljenom na elektronskom portalu Energija Balkana pi\u0161e o ovom procesu, kao i o pove\u0107anju energetske sigurnosti, razvoju stru\u010dne baze u nuklearnim tehnologijama, unapre\u0111enju doma\u0107e industrije, otvaranju novih radnih mesta, i tehnolo\u0161kom napredku u Republici Srbiji.<\/p>\n\n\n\n<p>Fotografija:&nbsp;<a href=\"https:\/\/www.iaea.org\/bulletin\/large-reactors-poised-to-lead-the-nuclear-power-expansion-as-small-modular-reactors-advance\">https:\/\/www.iaea.org\/bulletin\/large-reactors-poised-to-lead-the-nuclear-power-expansion-as-small-modular-reactors-advance<\/a><\/p>\n","protected":false},"excerpt":{"rendered":"<p>Usvajanjem Zakona o izmenama i dopunama Zakona o energetici u Skup\u0161tini Republike Srbije, 29. novembra ove godine, prestao je da va\u017ei Zakon o zabrani gradnje nuklearnih elektrana, koji je bio na snazi punih 35 godina.<\/p>\n","protected":false},"author":2,"featured_media":22099,"comment_status":"closed","ping_status":"closed","sticky":false,"template":"","format":"standard","meta":{"_et_pb_use_builder":"off","_et_pb_old_content":"","_et_gb_content_width":"","ngg_post_thumbnail":0,"footnotes":""},"categories":[38,36],"tags":[],"class_list":["post-22149","post","type-post","status-publish","format-standard","has-post-thumbnail","hentry","category-saopstenja-bs","category-vesti"],"_links":{"self":[{"href":"https:\/\/www.srbatom.gov.rs\/srbatomm\/wp-json\/wp\/v2\/posts\/22149","targetHints":{"allow":["GET"]}}],"collection":[{"href":"https:\/\/www.srbatom.gov.rs\/srbatomm\/wp-json\/wp\/v2\/posts"}],"about":[{"href":"https:\/\/www.srbatom.gov.rs\/srbatomm\/wp-json\/wp\/v2\/types\/post"}],"author":[{"embeddable":true,"href":"https:\/\/www.srbatom.gov.rs\/srbatomm\/wp-json\/wp\/v2\/users\/2"}],"replies":[{"embeddable":true,"href":"https:\/\/www.srbatom.gov.rs\/srbatomm\/wp-json\/wp\/v2\/comments?post=22149"}],"version-history":[{"count":3,"href":"https:\/\/www.srbatom.gov.rs\/srbatomm\/wp-json\/wp\/v2\/posts\/22149\/revisions"}],"predecessor-version":[{"id":22152,"href":"https:\/\/www.srbatom.gov.rs\/srbatomm\/wp-json\/wp\/v2\/posts\/22149\/revisions\/22152"}],"wp:featuredmedia":[{"embeddable":true,"href":"https:\/\/www.srbatom.gov.rs\/srbatomm\/wp-json\/wp\/v2\/media\/22099"}],"wp:attachment":[{"href":"https:\/\/www.srbatom.gov.rs\/srbatomm\/wp-json\/wp\/v2\/media?parent=22149"}],"wp:term":[{"taxonomy":"category","embeddable":true,"href":"https:\/\/www.srbatom.gov.rs\/srbatomm\/wp-json\/wp\/v2\/categories?post=22149"},{"taxonomy":"post_tag","embeddable":true,"href":"https:\/\/www.srbatom.gov.rs\/srbatomm\/wp-json\/wp\/v2\/tags?post=22149"}],"curies":[{"name":"wp","href":"https:\/\/api.w.org\/{rel}","templated":true}]}}