{"id":20443,"date":"2024-09-16T15:34:21","date_gmt":"2024-09-16T15:34:21","guid":{"rendered":"https:\/\/www.srbatom.gov.rs\/srbatomm\/delegacija-republike-srbije-na-danasnjem-otvaranju-68-generalne-konferencije-maae\/"},"modified":"2024-09-20T11:38:11","modified_gmt":"2024-09-20T11:38:11","slug":"delegacija-republike-srbije-na-danasnjem-otvaranju-68-generalne-konferencije-maae","status":"publish","type":"post","link":"https:\/\/www.srbatom.gov.rs\/srbatomm\/delegacija-republike-srbije-na-danasnjem-otvaranju-68-generalne-konferencije-maae\/?lang=bs","title":{"rendered":"Delegacija Republike Srbije na dana\u0161njem otvaranju 68. Generalne konferencije MAAE"},"content":{"rendered":"\n<p>Maja Gojkovi\u0107 \u0107e i ove godine predvoditi delegaciju Republike Srbije,<br\/>na 68. redovnom zasedanju Generalne konferencije Me\u0111unarodne agencije za atomsku energiju (MAAE), u Be\u010du, koja po\u010dinje danas i traja\u0107e do 20.  septembra.<\/p>\n\n<p>Tokom sedmice, delegati 178 dr\u017eava \u010dlanica ima\u0107e prilike da<br\/>izveste o svom radu i dostignu\u0107ima u protekloj godini. Razgovara\u0107e se o \u010ditavom nizu tema, godi\u0161njem izve\u0161taju za 2023. i bud\u017eetu za 2025. godinu, aktivnostima koje se odnose na nuklearnu nauku, tehnologiju i njene primene, aktivnostima MAAE u oblasti nuklearne bezbednosti, kao i pobolj\u0161anje efikasnosti za\u0161titnih mera Agencije. Poseban akcenat \u0107e ove godine biti stavljen na nuklearnu bezbednost i za\u0161titne mere u Ukrajini, na Bliskom istoku, kao i u Demokratskoj Narodnoj Republici Koreji.    <\/p>\n\n<figure class=\"wp-block-image aligncenter size-large is-resized\"><img loading=\"lazy\" decoding=\"async\" width=\"1024\" height=\"768\" src=\"https:\/\/www.srbatom.gov.rs\/srbatomm\/wp-content\/uploads\/2024\/09\/2024-09-16_11-43-20-011-1024x768.jpg\" alt=\"\" class=\"wp-image-20288\" style=\"width:629px;height:auto\"\/><\/figure>\n\n<p>25 prate\u0107ih doga\u0111aja u organizaciji MAAE i 70 u organizaciji dr\u017eava \u010dlanica, tokom trajanja Generalne konferencije, naglasi\u0107e razli\u010dite aspekte rada Agencije, od pra\u0107enja zaga\u0111enja plastikom na Antarktiku (preko NUTEC Plastics inicijative), do toga kako energetsko modeliranje mo\u017ee pomo\u0107i zemljama da ispune svoje neto nulte ciljeve (u okviru inicijative Atoms4NetZero).<\/p>\n\n<p>Nau\u010dni forum, koji \u0107e biti odr\u017ean 17. i 18. septembra, istra\u017ei\u0107e inovativne na\u010dine kori\u0161\u0107enja nuklearnih i srodnih tehnologija u hrani i poljoprivredi. Ovogodi\u0161nja tema je &#8211; Bolja poljoprivreda za bolji \u017eivot, \u0161to je povezano sa zajedni\u010dkom inicijativom MAAE i Organizacije Ujedinjenih Nacija za hranu i poljoprivredu (Atoms4Food), koja nastoji da pomogne zemljama da pove\u0107aju sigurnost u proizvodnji hrane i da se bore protiv globalne gladi.   <br\/>Nove \u010dlanice MAAE u ovoj godini postale su Kukova ostrva (Cook Islands) i Federalna Republika Somalija.<\/p>\n\n<p>Predstavnici Direktorata za radijacionu i nuklearnu sigurnost i bezbednost Srbije, zajedno sa ostalim \u010dlanovima delegacije Republike Srbije, \u0107e se tokom trajanja 68. Generalne Konferencije, sastati sa delegacijama drugih dr\u017eava iz regiona, u cilju unapre\u0111enja saradnje i razmene informacija u oblasti radijacione i nuklearne sigurnosti i bezbednosti. <\/p>\n\n<p>Vi\u0161e o 68. Generalnoj konferenciji MAAE mo\u017eete na\u0107i <a href=\"https:\/\/www.iaea.org\/about\/governance\/general-conference\/gc68\" target=\"_blank\" rel=\"noreferrer noopener\">ovde<\/a> <\/p>\n","protected":false},"excerpt":{"rendered":"<p>Maja Gojkovi\u0107 \u0107e i ove godine predvoditi delegaciju Republike Srbije,na 68. redovnom zasedanju Generalne konferencije Me\u0111unarodne agencije za atomsku energiju (MAAE), u Be\u010du, koja po\u010dinje danas i traja\u0107e do 20. septembra. Tokom sedmice, delegati 178 dr\u017eava \u010dlanica ima\u0107e prilike daizveste o svom radu i dostignu\u0107ima u protekloj godini. Razgovara\u0107e se o \u010ditavom nizu tema, godi\u0161njem [&hellip;]<\/p>\n","protected":false},"author":2,"featured_media":20286,"comment_status":"closed","ping_status":"closed","sticky":false,"template":"","format":"standard","meta":{"_et_pb_use_builder":"off","_et_pb_old_content":"","_et_gb_content_width":"","ngg_post_thumbnail":0,"footnotes":""},"categories":[38,36],"tags":[],"class_list":["post-20443","post","type-post","status-publish","format-standard","has-post-thumbnail","hentry","category-saopstenja-bs","category-vesti"],"_links":{"self":[{"href":"https:\/\/www.srbatom.gov.rs\/srbatomm\/wp-json\/wp\/v2\/posts\/20443","targetHints":{"allow":["GET"]}}],"collection":[{"href":"https:\/\/www.srbatom.gov.rs\/srbatomm\/wp-json\/wp\/v2\/posts"}],"about":[{"href":"https:\/\/www.srbatom.gov.rs\/srbatomm\/wp-json\/wp\/v2\/types\/post"}],"author":[{"embeddable":true,"href":"https:\/\/www.srbatom.gov.rs\/srbatomm\/wp-json\/wp\/v2\/users\/2"}],"replies":[{"embeddable":true,"href":"https:\/\/www.srbatom.gov.rs\/srbatomm\/wp-json\/wp\/v2\/comments?post=20443"}],"version-history":[{"count":1,"href":"https:\/\/www.srbatom.gov.rs\/srbatomm\/wp-json\/wp\/v2\/posts\/20443\/revisions"}],"predecessor-version":[{"id":20444,"href":"https:\/\/www.srbatom.gov.rs\/srbatomm\/wp-json\/wp\/v2\/posts\/20443\/revisions\/20444"}],"wp:featuredmedia":[{"embeddable":true,"href":"https:\/\/www.srbatom.gov.rs\/srbatomm\/wp-json\/wp\/v2\/media\/20286"}],"wp:attachment":[{"href":"https:\/\/www.srbatom.gov.rs\/srbatomm\/wp-json\/wp\/v2\/media?parent=20443"}],"wp:term":[{"taxonomy":"category","embeddable":true,"href":"https:\/\/www.srbatom.gov.rs\/srbatomm\/wp-json\/wp\/v2\/categories?post=20443"},{"taxonomy":"post_tag","embeddable":true,"href":"https:\/\/www.srbatom.gov.rs\/srbatomm\/wp-json\/wp\/v2\/tags?post=20443"}],"curies":[{"name":"wp","href":"https:\/\/api.w.org\/{rel}","templated":true}]}}