{"id":20163,"date":"2024-08-23T12:55:25","date_gmt":"2024-08-23T12:55:25","guid":{"rendered":"https:\/\/www.srbatom.gov.rs\/srbatomm\/mladi-nuklearni-strucnjaci-u-poseti-direktoratu\/"},"modified":"2024-08-28T16:52:30","modified_gmt":"2024-08-28T16:52:30","slug":"mladi-nuklearni-strucnjaci-u-poseti-direktoratu","status":"publish","type":"post","link":"https:\/\/www.srbatom.gov.rs\/srbatomm\/mladi-nuklearni-strucnjaci-u-poseti-direktoratu\/?lang=bs","title":{"rendered":"Mladi nuklearni stru\u010dnjaci u poseti Direktoratu"},"content":{"rendered":"\n<p>Luka Stan\u010dev i Bogdan Stepanovi\u0107, mladi nuklearni stru\u010dnjaci koji \u017eive i rade u Parizu, u Francuskoj, zajedno sa predsednicom Srpskog nuklearnog dru\u0161tva Koviljkom Stankovi\u0107, profesorkom Elektrotehni\u010dkog fakulteta Univerziteta u Beogradu, su na poziv direktora Sla\u0111ana Velinova, ju\u010de bili gosti Direktorata za radijacionu i nuklearnu sigurnost i bezbednost Srbije.<\/p>\n\n<figure class=\"wp-block-image aligncenter size-large is-resized\"><img decoding=\"async\" src=\"https:\/\/www.srbatom.gov.rs\/srbatomm\/wp-content\/uploads\/2024\/08\/&#x41D;&#x430;&#x441;&#x43B;&#x43E;&#x432;&#x43D;&#x430;-1024x602.jpg\" alt=\"\" class=\"wp-image-20046\" style=\"width:717px;height:auto\"\/><\/figure>\n\n<p>Tom prilikom, razgovarali su sa direktorom Velinovim i njegovim timom o razli\u010ditim temama iz oblasti primena nuklearne energije u industriji, medicini, poljoprivredi, kao i za\u0161titi stanovni\u0161tva i \u017eivotne sredine od jonizuju\u0107ih zra\u010denja. Mladi nuklearni stru\u010dnjaci govorili su o svojim zapa\u017eanjima i dosada\u0161njem iskustvu ste\u010denom oblasti nuklearnih nauka u Francuskoj, koja je jedna od vode\u0107ih nuklearnih dr\u017eava, sa 70% elektri\u010dne energije proizvene u nuklearnim elektranama. Luka i Bogdan su, u tom pravcu istakli \u010dvrstu vezu nauke i struke sa privredom, kao i vrlo zna\u010dajno u\u010de\u0161\u0107e profesionalnih udru\u017eenja u razvoju, promociji i razmeni iskustava u sektoru nuklearnih nauka.   <\/p>\n\n<figure class=\"wp-block-image aligncenter size-large is-resized\"><img loading=\"lazy\" decoding=\"async\" width=\"1024\" height=\"661\" src=\"https:\/\/www.srbatom.gov.rs\/srbatomm\/wp-content\/uploads\/2024\/08\/viber_image_2024-08-23_13-00-47-209-1024x661.jpg\" alt=\"\" class=\"wp-image-20056\" style=\"width:721px;height:auto\"\/><\/figure>\n\n<p>Luka Stan\u010dev, poreklom iz Bora, zavr\u0161io je osnovne studije na Elektrotehni\u010dkom fakultetu Univerziteta u Beogradu, na usmerenju za biomedicinski i ekolo\u0161ki in\u017eenjering. Kao stipendista francuske vlade, zavr\u0161io je master studije na Univerzitetu Paris-Saclay, usmerenje nuklearna energija \u2013 reaktorska fizika i in\u017eenjerstvo. Trenutno je zaposlen u kompaniji Naarea, koja projektuje rekatore 4. generacije, na poziciji In\u017eenjer istra\u017eiva\u010d &#8211; in\u017eenjer za termohidrauliku. Predsednik je Mre\u017ee mlade generacije Srpskog nuklearnog dru\u0161tva.    <\/p>\n\n<p>Bogdan Stepanovi\u0107, poreklom iz Srbije, ro\u0111en je i \u017eivi u Francuskoj. Zavr\u0161io je osnovne studije iz oblasti teorijske fizike na Sorboni i master studije na Univerzitetu Paris-Saclay, usmerenje nuklearna energija \u2013 reaktorska fizika i in\u017eenjerstvo. Trenutno je student doktorskih studija u oblasti reaktorske fizike u Institutu CEA Saclay (Francuska komisija za atomsku energiju). \u010clan je upravnog odbora Srpskog nuklearnog dru\u0161tva.   <\/p>\n\n<p>S obzirom na to da Direktorat i Srpsko nuklearno dru\u0161tvo imaju zaklju\u010den sporazum o saradnji, ovaj sastanak je bio odli\u010dna prilika da se dogovori dalja saradnja i planovi za realizaciju zajedni\u010dkih aktivnosti na afirmaciji struke me\u0111u mladima. <\/p>\n","protected":false},"excerpt":{"rendered":"<p>Luka Stan\u010dev i Bogdan Stepanovi\u0107, mladi nuklearni stru\u010dnjaci koji \u017eive i rade u Parizu, u Francuskoj, zajedno sa predsednicom Srpskog nuklearnog dru\u0161tva Koviljkom Stankovi\u0107, profesorkom Elektrotehni\u010dkog fakulteta Univerziteta u Beogradu, su na poziv direktora Sla\u0111ana Velinova, ju\u010de bili gosti Direktorata za radijacionu i nuklearnu sigurnost i bezbednost Srbije. Tom prilikom, razgovarali su sa direktorom Velinovim [&hellip;]<\/p>\n","protected":false},"author":2,"featured_media":20050,"comment_status":"closed","ping_status":"closed","sticky":false,"template":"","format":"standard","meta":{"_et_pb_use_builder":"off","_et_pb_old_content":"","_et_gb_content_width":"","ngg_post_thumbnail":0,"footnotes":""},"categories":[38,36],"tags":[],"class_list":["post-20163","post","type-post","status-publish","format-standard","has-post-thumbnail","hentry","category-saopstenja-bs","category-vesti"],"_links":{"self":[{"href":"https:\/\/www.srbatom.gov.rs\/srbatomm\/wp-json\/wp\/v2\/posts\/20163","targetHints":{"allow":["GET"]}}],"collection":[{"href":"https:\/\/www.srbatom.gov.rs\/srbatomm\/wp-json\/wp\/v2\/posts"}],"about":[{"href":"https:\/\/www.srbatom.gov.rs\/srbatomm\/wp-json\/wp\/v2\/types\/post"}],"author":[{"embeddable":true,"href":"https:\/\/www.srbatom.gov.rs\/srbatomm\/wp-json\/wp\/v2\/users\/2"}],"replies":[{"embeddable":true,"href":"https:\/\/www.srbatom.gov.rs\/srbatomm\/wp-json\/wp\/v2\/comments?post=20163"}],"version-history":[{"count":1,"href":"https:\/\/www.srbatom.gov.rs\/srbatomm\/wp-json\/wp\/v2\/posts\/20163\/revisions"}],"predecessor-version":[{"id":20164,"href":"https:\/\/www.srbatom.gov.rs\/srbatomm\/wp-json\/wp\/v2\/posts\/20163\/revisions\/20164"}],"wp:featuredmedia":[{"embeddable":true,"href":"https:\/\/www.srbatom.gov.rs\/srbatomm\/wp-json\/wp\/v2\/media\/20050"}],"wp:attachment":[{"href":"https:\/\/www.srbatom.gov.rs\/srbatomm\/wp-json\/wp\/v2\/media?parent=20163"}],"wp:term":[{"taxonomy":"category","embeddable":true,"href":"https:\/\/www.srbatom.gov.rs\/srbatomm\/wp-json\/wp\/v2\/categories?post=20163"},{"taxonomy":"post_tag","embeddable":true,"href":"https:\/\/www.srbatom.gov.rs\/srbatomm\/wp-json\/wp\/v2\/tags?post=20163"}],"curies":[{"name":"wp","href":"https:\/\/api.w.org\/{rel}","templated":true}]}}