{"id":17479,"date":"2023-10-03T10:14:33","date_gmt":"2023-10-03T10:14:33","guid":{"rendered":"https:\/\/www.srbatom.gov.rs\/srbatomm\/marija-del-pilar-muriljo-fuentes-novi-oficir-maae-za-republiku-srbiju\/"},"modified":"2023-10-04T11:47:33","modified_gmt":"2023-10-04T11:47:33","slug":"marija-del-pilar-muriljo-fuentes-novi-oficir-maae-za-republiku-srbiju","status":"publish","type":"post","link":"https:\/\/www.srbatom.gov.rs\/srbatomm\/marija-del-pilar-muriljo-fuentes-novi-oficir-maae-za-republiku-srbiju\/?lang=bs","title":{"rendered":"Marija del Pilar Muriljo Fuentes novi oficir MAAE za Republiku Srbiju"},"content":{"rendered":"\n<p>Direktorka za Evropu departmana Tehni\u010dke saradnje Me\u0111unarodne agencije za atomsku energiju (MAAE),&nbsp; Eva-Kuli Kala obavestila je direktora Direktorata i nacionalnog oficira za vezu sa MAAE, Sla\u0111ana Velinova, da je na mesto oficira MAAE za Republiku Srbiju postavljena Marija del Pilar Muriljo&nbsp; Fuentes.<\/p>\n\n\n\n<p>U li\u010dnoj poruci koju je g-\u0111a Kala uputila direktoru Velinovu, izrazila &nbsp;je zadovoljstvo u vezi sa zaklju\u010dcima koji su doneseni na sastanku koji je odr\u017ean &nbsp;prethodne nedelje, kao i nadu da \u0107e se projekat re\u0161avanja istorijskog radioaktivnog otpada na lokalitetu Vin\u010da, uspe\u0161no nastaviti.<\/p>\n\n\n\n<p>Program tehni\u010dke saradnje MAAE u Evropi osmi\u0161ljen je u konsultaciji sa dr\u017eavama \u010dlanicama i ima za cilj da obezbedi delotvoran i efikasan mehanizam koji podr\u017eava bezbednu i miroljubivu upotrebu nuklearnih tehnologija. Ova podr\u0161ka se pru\u017ea kroz nacionalne, regionalne i me\u0111uregionalne projekte koji se bave tematskim prioritetima kao \u0161to je zdravlje ljudi, otpad i \u017eivotna sredina, nuklearna sigurnost i energija, radijaciona sigurnost i industrijske primene.<\/p>\n","protected":false},"excerpt":{"rendered":"<p>Direktorka za Evropu departmana Tehni\u010dke saradnje Me\u0111unarodne agencije za atomsku energiju (MAAE),\u00a0 Eva-Kuli Kala obavestila je direktora Direktorata i nacionalnog oficira za vezu sa MAAE, Sla\u0111ana Velinova, da je na mesto oficira MAAE za Republiku Srbiju postavljena Marija del Pilar Muriljo\u00a0 Fuentes.<\/p>\n","protected":false},"author":2,"featured_media":17451,"comment_status":"closed","ping_status":"closed","sticky":false,"template":"","format":"standard","meta":{"_et_pb_use_builder":"off","_et_pb_old_content":"","_et_gb_content_width":"","ngg_post_thumbnail":0,"footnotes":""},"categories":[38,36],"tags":[],"class_list":["post-17479","post","type-post","status-publish","format-standard","has-post-thumbnail","hentry","category-saopstenja-bs","category-vesti"],"_links":{"self":[{"href":"https:\/\/www.srbatom.gov.rs\/srbatomm\/wp-json\/wp\/v2\/posts\/17479","targetHints":{"allow":["GET"]}}],"collection":[{"href":"https:\/\/www.srbatom.gov.rs\/srbatomm\/wp-json\/wp\/v2\/posts"}],"about":[{"href":"https:\/\/www.srbatom.gov.rs\/srbatomm\/wp-json\/wp\/v2\/types\/post"}],"author":[{"embeddable":true,"href":"https:\/\/www.srbatom.gov.rs\/srbatomm\/wp-json\/wp\/v2\/users\/2"}],"replies":[{"embeddable":true,"href":"https:\/\/www.srbatom.gov.rs\/srbatomm\/wp-json\/wp\/v2\/comments?post=17479"}],"version-history":[{"count":2,"href":"https:\/\/www.srbatom.gov.rs\/srbatomm\/wp-json\/wp\/v2\/posts\/17479\/revisions"}],"predecessor-version":[{"id":17482,"href":"https:\/\/www.srbatom.gov.rs\/srbatomm\/wp-json\/wp\/v2\/posts\/17479\/revisions\/17482"}],"wp:featuredmedia":[{"embeddable":true,"href":"https:\/\/www.srbatom.gov.rs\/srbatomm\/wp-json\/wp\/v2\/media\/17451"}],"wp:attachment":[{"href":"https:\/\/www.srbatom.gov.rs\/srbatomm\/wp-json\/wp\/v2\/media?parent=17479"}],"wp:term":[{"taxonomy":"category","embeddable":true,"href":"https:\/\/www.srbatom.gov.rs\/srbatomm\/wp-json\/wp\/v2\/categories?post=17479"},{"taxonomy":"post_tag","embeddable":true,"href":"https:\/\/www.srbatom.gov.rs\/srbatomm\/wp-json\/wp\/v2\/tags?post=17479"}],"curies":[{"name":"wp","href":"https:\/\/api.w.org\/{rel}","templated":true}]}}