{"id":17408,"date":"2023-09-27T12:56:53","date_gmt":"2023-09-27T12:56:53","guid":{"rendered":"https:\/\/www.srbatom.gov.rs\/srbatomm\/potpisan-aranzman-izmedju-regulatornih-tela-srbije-i-sad\/"},"modified":"2023-10-03T06:35:34","modified_gmt":"2023-10-03T06:35:34","slug":"potpisan-aranzman-izmedju-regulatornih-tela-srbije-i-sad","status":"publish","type":"post","link":"https:\/\/www.srbatom.gov.rs\/srbatomm\/potpisan-aranzman-izmedju-regulatornih-tela-srbije-i-sad\/?lang=bs","title":{"rendered":"Potpisan Aran\u017eman izme\u0111u regulatornih tela Srbije i SAD"},"content":{"rendered":"\n<p>Direktor Direktorata&nbsp; za radijacionu i nuklearnu sigurnost i bezbednost Srbije, Sla\u0111an Velinov i direktor Regulatorne Komisije za nuklearnu energiju SAD, Kristofer Hanson,&nbsp; potpisali su danas Aran\u017eman o razmeni tehni\u010dkih informacija i saradnji u oblasti nuklearne sigurnosti. Regulatorna tela Republike Srbije i SAD u oblasti sigurnosti i bezbednosti nuklearnih postrojenja i radioaktivnog materijala, prepoznala su zajedni\u010dki interes za zaklju\u010denje ovog Aran\u017emana, koji se prvenstveno ogleda u naporima, i jednog i drugog tela, da u svojim zemljama osiguraju najvi\u0161i stepen za\u0161tite zdravlja stanovni\u0161tva i \u017eivotne sredine, od mogu\u0107ih \u0161tetnih dejstava jonizuju\u0107eg zra\u010denja.<\/p>\n\n\n\n<p>\u201eOd danas, svi ti napori dobijaju jedan vi\u0161i kvalitet, posebno sa aspekta Direktorata, jer pristup znanju i iskustvu u radu&nbsp; Regulatorne Komisije za nuklearnu energiju SAD, koji nosi potpisivanje ovog Aran\u017emana, za nas predstavlja ogroman benefit, koji \u0107e nesumnjivo unaprediti rad Direktorata. Iako nuklearna energetika nije zastupljena u energetskom miksu u Srbiji, primena izvora zra\u010denja u industriji i medicini trudi se da prati najnovije tehnologije\u201c, rekao je direktor Velinov.<\/p>\n\n\n\n<figure class=\"wp-block-image aligncenter size-large is-resized\"><img loading=\"lazy\" decoding=\"async\" src=\"https:\/\/www.srbatom.gov.rs\/srbatomm\/wp-content\/uploads\/2023\/09\/2023-09-27_13-34-02-175-1024x576.jpg\" alt=\"\" class=\"wp-image-17357\" style=\"width:609px;height:343px\" width=\"609\" height=\"343\"\/><\/figure>\n\n\n\n<p>\u010cinjenica da, naro\u010dito poslednjih godina, stru\u010dnjaci Direktorata participiraju u sve ve\u0107em broju ekspertskih misija pod okriljem MAAE, predstavlja svojevrsnu garanciju da je i Direktorat u stanju da pru\u017ei svoj puni doprinos kako realizaciji ciljeva ovog Aran\u017emana, tako isto kroz tu realizaciju i regulatornim telima drugih zemalja sa kojima Regulatorna Komisija za nuklearnu energiju SAD ima zaklju\u010dene sli\u010dne aran\u017emane.<\/p>\n\n\n\n<p>Direktor direktorata je tokom ovog sastanka naglasio va\u017enost potpisivanja ovog Aran\u017eman u jubilarnoj godini, kada obele\u017eavamo 70 godina od istorijskog govora predsednika Ajzenhauera a u isto vreme u godini kada se obele\u017eava 80 godina od smrti na\u0161eg velikog nau\u010dnika Nikole Tesle.<\/p>\n\n\n\n<p>Velinov je istakao posebnost i zna\u010daj velikog ameri\u010dkog gra\u0111anina Srpskog porekla, koji je od svoje 28. godine \u017eiveo i stvarao u Americi i celom svetu ostavio oko 700 patenata.<\/p>\n\n\n\n<figure class=\"wp-block-image aligncenter size-large is-resized\"><img loading=\"lazy\" decoding=\"async\" src=\"https:\/\/www.srbatom.gov.rs\/srbatomm\/wp-content\/uploads\/2023\/09\/2023-09-27_13-33-54-060-1024x576.jpg\" alt=\"\" class=\"wp-image-17360\" style=\"width:633px;height:356px\" width=\"633\" height=\"356\"\/><\/figure>\n\n\n\n<p>\u201eUveren sam da od danas po\u010dinje period kvalitetnog i iskrenog partnerstva Direktorata i Regulatorne Komisije za nuklearnu energiju SAD u oblasti sigurnosti i bezbednosti nuklearnih postrojenja i radioaktivnog materijala, za dobrobit svih nas i \u0161ire me\u0111unarodne zajednice\u201c, zaklju\u010dio je Sla\u0111an Velinov.<\/p>\n","protected":false},"excerpt":{"rendered":"<p>Direktor Direktorata\u00a0 za radijacionu i nuklearnu sigurnost i bezbednost Srbije, Sla\u0111an Velinov i direktor Regulatorne Komisije za nuklearnu energiju SAD, Kristofer Hanson,\u00a0 potpisali su danas Aran\u017eman o razmeni tehni\u010dkih informacija i saradnji u oblasti nuklearne sigurnosti.<\/p>\n","protected":false},"author":2,"featured_media":17355,"comment_status":"closed","ping_status":"closed","sticky":false,"template":"","format":"standard","meta":{"_et_pb_use_builder":"off","_et_pb_old_content":"","_et_gb_content_width":"","ngg_post_thumbnail":0,"footnotes":""},"categories":[38,36],"tags":[],"class_list":["post-17408","post","type-post","status-publish","format-standard","has-post-thumbnail","hentry","category-saopstenja-bs","category-vesti"],"_links":{"self":[{"href":"https:\/\/www.srbatom.gov.rs\/srbatomm\/wp-json\/wp\/v2\/posts\/17408","targetHints":{"allow":["GET"]}}],"collection":[{"href":"https:\/\/www.srbatom.gov.rs\/srbatomm\/wp-json\/wp\/v2\/posts"}],"about":[{"href":"https:\/\/www.srbatom.gov.rs\/srbatomm\/wp-json\/wp\/v2\/types\/post"}],"author":[{"embeddable":true,"href":"https:\/\/www.srbatom.gov.rs\/srbatomm\/wp-json\/wp\/v2\/users\/2"}],"replies":[{"embeddable":true,"href":"https:\/\/www.srbatom.gov.rs\/srbatomm\/wp-json\/wp\/v2\/comments?post=17408"}],"version-history":[{"count":2,"href":"https:\/\/www.srbatom.gov.rs\/srbatomm\/wp-json\/wp\/v2\/posts\/17408\/revisions"}],"predecessor-version":[{"id":17412,"href":"https:\/\/www.srbatom.gov.rs\/srbatomm\/wp-json\/wp\/v2\/posts\/17408\/revisions\/17412"}],"wp:featuredmedia":[{"embeddable":true,"href":"https:\/\/www.srbatom.gov.rs\/srbatomm\/wp-json\/wp\/v2\/media\/17355"}],"wp:attachment":[{"href":"https:\/\/www.srbatom.gov.rs\/srbatomm\/wp-json\/wp\/v2\/media?parent=17408"}],"wp:term":[{"taxonomy":"category","embeddable":true,"href":"https:\/\/www.srbatom.gov.rs\/srbatomm\/wp-json\/wp\/v2\/categories?post=17408"},{"taxonomy":"post_tag","embeddable":true,"href":"https:\/\/www.srbatom.gov.rs\/srbatomm\/wp-json\/wp\/v2\/tags?post=17408"}],"curies":[{"name":"wp","href":"https:\/\/api.w.org\/{rel}","templated":true}]}}