{"id":17402,"date":"2023-09-28T07:59:15","date_gmt":"2023-09-28T07:59:15","guid":{"rendered":"https:\/\/www.srbatom.gov.rs\/srbatomm\/srpski-zvanicnici-na-panelu-povodom-70-godina-od-ajzenhauerovog-govora-koji-je-inspirisao-stvaranje-maae\/"},"modified":"2023-10-03T06:31:49","modified_gmt":"2023-10-03T06:31:49","slug":"srpski-zvanicnici-na-panelu-povodom-70-godina-od-ajzenhauerovog-govora-koji-je-inspirisao-stvaranje-maae","status":"publish","type":"post","link":"https:\/\/www.srbatom.gov.rs\/srbatomm\/srpski-zvanicnici-na-panelu-povodom-70-godina-od-ajzenhauerovog-govora-koji-je-inspirisao-stvaranje-maae\/?lang=bs","title":{"rendered":"Srpski zvani\u010dnici na Panelu povodom 70 godina od Ajzenhauerovog govora koji je inspirisao stvaranje MAAE"},"content":{"rendered":"\n<p>Panelu koji je odr\u017ean u be\u010dkom muzeju Albertina, povodom obele\u017eavanja 70 godina od govora \u201eAtomi za mir\u201c,&nbsp; ameri\u010dkog predsednika Dvajta Ajzenhauera, prisustvovali su \u0161ef delegacije, potpredsednica Vlade, ministarka kulture Republike Srbije i predsednica Odbora Direktorata Maja Gojkovi\u0107 i direktor Direktorata za radijacionu i nuklearnu sigurnost i bezbednost Srbije, Sla\u0111an Velinov.<\/p>\n\n\n\n<p>Ovaj govor koji je odr\u017ean na Generalnoj skup\u0161tini UN u Njujorku 1953. godine, inspirisao je stvaranje MAAE, organizacije koja je osnovana 1957. godine, sa ciljem&nbsp; da promovi\u0161e primenu nuklearne nauke i tehnologije u mirnodobske svrhe.<\/p>\n\n\n\n<figure class=\"wp-block-image aligncenter size-large is-resized\"><img loading=\"lazy\" decoding=\"async\" src=\"https:\/\/www.srbatom.gov.rs\/srbatomm\/wp-content\/uploads\/2023\/09\/2023-09-26_22-03-07-233-1024x768.jpg\" alt=\"\" class=\"wp-image-17369\" style=\"width:537px;height:403px\" width=\"537\" height=\"403\"\/><\/figure>\n\n\n\n<p>Panel je organizovan u okviru 67. redovnog zasedanja Generalne konferencije Me\u0111unarodne agencije za atomsku energiju (MAAE), u Be\u010du, a poziv na\u0161im zvani\u010dnicima uputili su generalni direktor MAAE, Rafael Marijano Grosi i sekretarka za energetiku SAD D\u017eenifer M. Grenholm.<\/p>\n\n\n\n<p>Tokom susreta sa doma\u0107inom ovog skupa, Rafaelom Marijanom Grosijem, koji je na Generalnoj skup\u0161tini reizabran na \u010detiri godine, govorilo se o daljoj saradnji koju Republika Srbija ima sa MAAE. Na\u0161i \u010delnici&nbsp; uputili su poziv Grosiju da u bliskoj budu\u0107nosti i&nbsp; zvani\u010dno poseti na\u0161u zemlju.<\/p>\n\n\n\n<p>Na panelu su govorili i predsednik Gane Nana Akufo-Ado i unuka nekada\u0161njeg ameri\u010dkog predsednika Dvajta Ajzenhauera, Suzan Ajzenhauer.<\/p>\n","protected":false},"excerpt":{"rendered":"<p>Panelu koji je odr\u017ean u be\u010dkom muzeju Albertina, povodom obele\u017eavanja 70 godina od govora \u201eAtomi za mir\u201c,\u00a0 ameri\u010dkog predsednika Dvajta Ajzenhauera, prisustvovali su \u0161ef delegacije, potpredsednica Vlade, ministarka kulture Republike Srbije i predsednica Odbora Direktorata<\/p>\n","protected":false},"author":2,"featured_media":17367,"comment_status":"closed","ping_status":"closed","sticky":false,"template":"","format":"standard","meta":{"_et_pb_use_builder":"off","_et_pb_old_content":"","_et_gb_content_width":"","ngg_post_thumbnail":0,"footnotes":""},"categories":[38,36],"tags":[],"class_list":["post-17402","post","type-post","status-publish","format-standard","has-post-thumbnail","hentry","category-saopstenja-bs","category-vesti"],"_links":{"self":[{"href":"https:\/\/www.srbatom.gov.rs\/srbatomm\/wp-json\/wp\/v2\/posts\/17402","targetHints":{"allow":["GET"]}}],"collection":[{"href":"https:\/\/www.srbatom.gov.rs\/srbatomm\/wp-json\/wp\/v2\/posts"}],"about":[{"href":"https:\/\/www.srbatom.gov.rs\/srbatomm\/wp-json\/wp\/v2\/types\/post"}],"author":[{"embeddable":true,"href":"https:\/\/www.srbatom.gov.rs\/srbatomm\/wp-json\/wp\/v2\/users\/2"}],"replies":[{"embeddable":true,"href":"https:\/\/www.srbatom.gov.rs\/srbatomm\/wp-json\/wp\/v2\/comments?post=17402"}],"version-history":[{"count":3,"href":"https:\/\/www.srbatom.gov.rs\/srbatomm\/wp-json\/wp\/v2\/posts\/17402\/revisions"}],"predecessor-version":[{"id":17407,"href":"https:\/\/www.srbatom.gov.rs\/srbatomm\/wp-json\/wp\/v2\/posts\/17402\/revisions\/17407"}],"wp:featuredmedia":[{"embeddable":true,"href":"https:\/\/www.srbatom.gov.rs\/srbatomm\/wp-json\/wp\/v2\/media\/17367"}],"wp:attachment":[{"href":"https:\/\/www.srbatom.gov.rs\/srbatomm\/wp-json\/wp\/v2\/media?parent=17402"}],"wp:term":[{"taxonomy":"category","embeddable":true,"href":"https:\/\/www.srbatom.gov.rs\/srbatomm\/wp-json\/wp\/v2\/categories?post=17402"},{"taxonomy":"post_tag","embeddable":true,"href":"https:\/\/www.srbatom.gov.rs\/srbatomm\/wp-json\/wp\/v2\/tags?post=17402"}],"curies":[{"name":"wp","href":"https:\/\/api.w.org\/{rel}","templated":true}]}}