{"id":17280,"date":"2023-09-25T09:53:48","date_gmt":"2023-09-25T09:53:48","guid":{"rendered":"https:\/\/www.srbatom.gov.rs\/srbatomm\/ucesce-delegacije-republike-srbije-na-67-generalna-konferencija-iaea\/"},"modified":"2023-09-25T09:58:57","modified_gmt":"2023-09-25T09:58:57","slug":"ucesce-delegacije-republike-srbije-na-67-generalna-konferencija-iaea","status":"publish","type":"post","link":"https:\/\/www.srbatom.gov.rs\/srbatomm\/ucesce-delegacije-republike-srbije-na-67-generalna-konferencija-iaea\/?lang=bs","title":{"rendered":"U\u010de\u0161\u0107e delegacije Republike Srbije na 67. Generalnoj konferenciji MAAE"},"content":{"rendered":"\n<p>Delegacija Republike Srbije u\u010destvova\u0107e, zajedno sa predstavnicima 176 dr\u017eava \u010dlanica, na 67. redovnom zasedanju Generalne konferencije Me\u0111unarodne agencije za atomsku energiju (MAAE), koja po\u010dinje danas i traja\u0107e do 29. septembra, u sedi\u0161tu Agencije u Be\u010du.<\/p>\n\n\n\n<figure class=\"wp-block-image aligncenter size-large is-resized\"><img loading=\"lazy\" decoding=\"async\" src=\"https:\/\/www.srbatom.gov.rs\/srbatomm\/wp-content\/uploads\/2023\/09\/2023-09-25_11-26-21-025-1024x576.jpg\" alt=\"\" class=\"wp-image-17273\" style=\"width:543px;height:306px\" width=\"543\" height=\"306\"\/><\/figure>\n\n\n\n<p>Tokom trajanja Generalne konferencije diskutova\u0107e se o najva\u017enijim pitanjima iz nadle\u017enosti Agencije. Bi\u0107e usvojen izve\u0161taj za prethodnu godinu, program i bud\u017eet za narednu godinu i donete odluke o pitanjima koja su izme\u0111u dva zasedanja podneta od strane Saveta guvernera, generalnog direktora Agencije ili dr\u017eave \u010dlanice.<\/p>\n\n\n\n<p>Rafael Marijano Grosi, ponovo je izabran na mesto generalnog direktora MAAE. Njemu je na dana\u0161njem otvaranju Konferencije produ\u017een mandat, tako da \u0107e na \u010delu Agencije ostati do 2. decembra 2027. godine.<\/p>\n\n\n\n<p>On \u0107e otvoriti ovogodi\u0161nji Nau\u010dni Forum o nuklearnim inovacijama u cilju postizanja nulte emisije ugljen dioksida (Nuclear Innovations for Net Zero).<\/p>\n\n\n\n<p>U\u010desnici Foruma, istra\u017eiva\u0107e nove inovacije u nuklearnoj energiji, koje mogu pomo\u0107i da se proizvodnja energije zasnovana na fosilnim gorivima brzo zameni sigurnom i pouzdanom nuklearnom energijom sa niskim sadr\u017eajem ugljenika, a bi\u0107e re\u010di i o novim naprednim nuklearnim reaktorima za proizvodnju energije. Govori\u0107e se i o inovacijama kroz digitalizaciju, ve\u0161ta\u010dkoj inteligenciji, robotici i naprednoj proizvodnji. Na &nbsp;Forumu \u0107e se razmatrati o kori\u0161\u0107enju nuklearne energije &nbsp;&nbsp;u industrijskim procesima, transportu i sistemima grejanja zgrada, kao i za elektri\u010dnu energiju.<\/p>\n\n\n\n<p>Nove \u010dlanice Agencije u ovoj godini postale su &nbsp;Republika Zelenortska Ostrva i Republika Gambija.<\/p>\n\n\n\n<p>Na\u0161a zemlja (tada\u0161nja Savezna Republika Jugoslavija), &nbsp;dobila je punopravno \u010dlanstvo u Agenciji 21. oktobra 2001. godine, a &nbsp;Republika Srbija je, po osnovu sukcesije, nastavila svoje \u010dlanstvo posle prestanka Dr\u017eavne zajednice Srbije i Crne Gore.<\/p>\n\n\n\n<p>Treba podsetiti da se ove godine navr\u0161ava i 70 godina, od kada je Dvajt Ajzenhauer, predsednik SAD, odr\u017eao govor pod nazivom \u201eAtomi za mir\u201c u Generalnoj skup\u0161tini Ujedinjenih nacija 8. decembra 1953. godine,&nbsp; u Njujorku, \u0161to je bila inspiracija za stvaranje Me\u0111unarodne agencije za atomsku energiju .<\/p>\n","protected":false},"excerpt":{"rendered":"<p>Delegacija Republike Srbije u\u010destvova\u0107e, zajedno sa predstavnicima 176 dr\u017eava \u010dlanica, na 67. redovnom zasedanju Generalne konferencije Me\u0111unarodne agencije za atomsku energiju (MAAE), koja po\u010dinje danas i traja\u0107e do 29. septembra, u sedi\u0161tu Agencije u Be\u010du.<\/p>\n","protected":false},"author":2,"featured_media":17277,"comment_status":"closed","ping_status":"closed","sticky":false,"template":"","format":"standard","meta":{"_et_pb_use_builder":"off","_et_pb_old_content":"","_et_gb_content_width":"","ngg_post_thumbnail":0,"footnotes":""},"categories":[38,36],"tags":[],"class_list":["post-17280","post","type-post","status-publish","format-standard","has-post-thumbnail","hentry","category-saopstenja-bs","category-vesti"],"_links":{"self":[{"href":"https:\/\/www.srbatom.gov.rs\/srbatomm\/wp-json\/wp\/v2\/posts\/17280","targetHints":{"allow":["GET"]}}],"collection":[{"href":"https:\/\/www.srbatom.gov.rs\/srbatomm\/wp-json\/wp\/v2\/posts"}],"about":[{"href":"https:\/\/www.srbatom.gov.rs\/srbatomm\/wp-json\/wp\/v2\/types\/post"}],"author":[{"embeddable":true,"href":"https:\/\/www.srbatom.gov.rs\/srbatomm\/wp-json\/wp\/v2\/users\/2"}],"replies":[{"embeddable":true,"href":"https:\/\/www.srbatom.gov.rs\/srbatomm\/wp-json\/wp\/v2\/comments?post=17280"}],"version-history":[{"count":2,"href":"https:\/\/www.srbatom.gov.rs\/srbatomm\/wp-json\/wp\/v2\/posts\/17280\/revisions"}],"predecessor-version":[{"id":17284,"href":"https:\/\/www.srbatom.gov.rs\/srbatomm\/wp-json\/wp\/v2\/posts\/17280\/revisions\/17284"}],"wp:featuredmedia":[{"embeddable":true,"href":"https:\/\/www.srbatom.gov.rs\/srbatomm\/wp-json\/wp\/v2\/media\/17277"}],"wp:attachment":[{"href":"https:\/\/www.srbatom.gov.rs\/srbatomm\/wp-json\/wp\/v2\/media?parent=17280"}],"wp:term":[{"taxonomy":"category","embeddable":true,"href":"https:\/\/www.srbatom.gov.rs\/srbatomm\/wp-json\/wp\/v2\/categories?post=17280"},{"taxonomy":"post_tag","embeddable":true,"href":"https:\/\/www.srbatom.gov.rs\/srbatomm\/wp-json\/wp\/v2\/tags?post=17280"}],"curies":[{"name":"wp","href":"https:\/\/api.w.org\/{rel}","templated":true}]}}