{"id":17247,"date":"2023-09-13T05:13:13","date_gmt":"2023-09-13T05:13:13","guid":{"rendered":"https:\/\/www.srbatom.gov.rs\/srbatomm\/delegacija-direktorata-na-otvaranju-izlozbe-japanske-fotografije\/"},"modified":"2023-09-20T12:34:33","modified_gmt":"2023-09-20T12:34:33","slug":"delegacija-direktorata-na-otvaranju-izlozbe-japanske-fotografije","status":"publish","type":"post","link":"https:\/\/www.srbatom.gov.rs\/srbatomm\/delegacija-direktorata-na-otvaranju-izlozbe-japanske-fotografije\/?lang=bs","title":{"rendered":"Delegacija Direktorata na otvaranju izlo\u017ebe japanske fotografije"},"content":{"rendered":"\n<p>Na poziv Ambasade Japana, delegacija Direktorata za radijacionu i nuklearnu sigurnost i bezbednost Srbije, danas je prisustvovala otvaranju izlo\u017ebe \u201eFotografske slike i materija: japanske fotogravure 1970-ih\u201c u Muzeju primenjene umetnosti, u Beogradu.<\/p>\n\n\n\n<figure class=\"wp-block-image aligncenter size-large is-resized\"><img loading=\"lazy\" decoding=\"async\" src=\"https:\/\/www.srbatom.gov.rs\/srbatomm\/wp-content\/uploads\/2023\/09\/20230912_121306-1024x768.gif\" alt=\"\" class=\"wp-image-17213\" style=\"width:493px;height:370px\" width=\"493\" height=\"370\"\/><\/figure>\n\n\n\n<p>Ova putuju\u0107a izlo\u017eba, sastavljena 2015. godine fokusira se na \u0161tampane grafi\u010dke radove iz 1970-ih, \u0161to se mo\u017ee videti u radu 14 umetnika koji su pomogli da se razvije \u0161tamparski pokret u svetu savremene japanske umetnosti. Izlo\u017eba je podeljena u dva dela: <em>\u201eDoba fotografskog izraza\u201c <\/em>i \u201e<em>Slike autonomne materije\u201c<\/em>. Vlada Japana &nbsp;je1957. godine pokrenula &nbsp;Me\u0111unarodnu bijenalnu izlo\u017ebu grafike u Tokiju, kao deo svoje posleratne kulturne politike.<\/p>\n\n\n\n<p>Nagra\u0111en Me\u0111unarodnom velikom nagradom na \u0161estom izdanju bijenala 1968. godine, Tecuja Noda je transformisao fotografske portrete svoje porodice u \u0161tampane grafi\u010dke radove. Njegova dela bila su zna\u010dajna po tome \u0161to su ilustrovala velike promene u \u0161tampi na me\u0111unarodnom nivou, i potvrdila da postoje paralele izme\u0111u trendova u savremenoj grafici i savremenoj umetnosti.<\/p>\n\n\n\n<figure class=\"wp-block-image aligncenter size-large is-resized\"><img loading=\"lazy\" decoding=\"async\" src=\"https:\/\/www.srbatom.gov.rs\/srbatomm\/wp-content\/uploads\/2023\/09\/20230912_115138-2-768x1024.gif\" alt=\"\" class=\"wp-image-17216\" style=\"width:363px;height:484px\" width=\"363\" height=\"484\"\/><\/figure>\n\n\n\n<p>Sedamdesetih godina pro\u0161log veka do\u0161lo je do brzog porasta japanskih dela koja su usvojila Nodin metod pretvaranja fotografija u \u0161tampane grafike, \u0161to ujedno dovodi do zlatnog doba u \u0161tampi. Dok predstavlja va\u017ene trendove u \u0161tampi tokom 1970-ih, ova izlo\u017eba se fokusira na \u0161tampu inspirisanu trendovima u savremenoj umetnosti istog perioda.<\/p>\n\n\n\n<p>Izlo\u017eba \u0107e trajati do 30. septembra.<\/p>\n","protected":false},"excerpt":{"rendered":"<p>Na poziv Ambasade Japana, delegacija Direktorata za radijacionu i nuklearnu sigurnost i bezbednost Srbije, danas je prisustvovala otvaranju izlo\u017ebe \u201eFotografske slike i materija: japanske fotogravure 1970-ih\u201c u Muzeju primenjene umetnosti, u Beogradu.<\/p>\n","protected":false},"author":2,"featured_media":17211,"comment_status":"closed","ping_status":"closed","sticky":false,"template":"","format":"standard","meta":{"_et_pb_use_builder":"off","_et_pb_old_content":"","_et_gb_content_width":"","ngg_post_thumbnail":0,"footnotes":""},"categories":[38,36],"tags":[],"class_list":["post-17247","post","type-post","status-publish","format-standard","has-post-thumbnail","hentry","category-saopstenja-bs","category-vesti"],"_links":{"self":[{"href":"https:\/\/www.srbatom.gov.rs\/srbatomm\/wp-json\/wp\/v2\/posts\/17247","targetHints":{"allow":["GET"]}}],"collection":[{"href":"https:\/\/www.srbatom.gov.rs\/srbatomm\/wp-json\/wp\/v2\/posts"}],"about":[{"href":"https:\/\/www.srbatom.gov.rs\/srbatomm\/wp-json\/wp\/v2\/types\/post"}],"author":[{"embeddable":true,"href":"https:\/\/www.srbatom.gov.rs\/srbatomm\/wp-json\/wp\/v2\/users\/2"}],"replies":[{"embeddable":true,"href":"https:\/\/www.srbatom.gov.rs\/srbatomm\/wp-json\/wp\/v2\/comments?post=17247"}],"version-history":[{"count":4,"href":"https:\/\/www.srbatom.gov.rs\/srbatomm\/wp-json\/wp\/v2\/posts\/17247\/revisions"}],"predecessor-version":[{"id":17253,"href":"https:\/\/www.srbatom.gov.rs\/srbatomm\/wp-json\/wp\/v2\/posts\/17247\/revisions\/17253"}],"wp:featuredmedia":[{"embeddable":true,"href":"https:\/\/www.srbatom.gov.rs\/srbatomm\/wp-json\/wp\/v2\/media\/17211"}],"wp:attachment":[{"href":"https:\/\/www.srbatom.gov.rs\/srbatomm\/wp-json\/wp\/v2\/media?parent=17247"}],"wp:term":[{"taxonomy":"category","embeddable":true,"href":"https:\/\/www.srbatom.gov.rs\/srbatomm\/wp-json\/wp\/v2\/categories?post=17247"},{"taxonomy":"post_tag","embeddable":true,"href":"https:\/\/www.srbatom.gov.rs\/srbatomm\/wp-json\/wp\/v2\/tags?post=17247"}],"curies":[{"name":"wp","href":"https:\/\/api.w.org\/{rel}","templated":true}]}}