{"id":16531,"date":"2023-05-19T13:37:51","date_gmt":"2023-05-19T13:37:51","guid":{"rendered":"https:\/\/www.srbatom.gov.rs\/srbatomm\/nema-povecanja-radioaktivnosti-na-teritoriji-srbije\/"},"modified":"2023-05-19T13:41:12","modified_gmt":"2023-05-19T13:41:12","slug":"nema-povecanja-radioaktivnosti-na-teritoriji-srbije","status":"publish","type":"post","link":"https:\/\/www.srbatom.gov.rs\/srbatomm\/nema-povecanja-radioaktivnosti-na-teritoriji-srbije\/?lang=bs","title":{"rendered":"Nema pove\u0107anja radioaktivnosti na teritoriji Srbije"},"content":{"rendered":"\n<p>Aktuelne izmerene vrednosti doze gama zra\u010denja na teritoriji Evrope dostupne na evropskoj platformi za razmenu radiolo\u0161kih podataka <em>EURDEP<\/em> i platformi Me\u0111unarodne agencije za atomsku energiju <em>IRMIS <\/em>ne pokazuju pove\u0107anje nivoa radioaktivnosti u \u017eivotnoj sredini. Nivo radioaktivnosti u \u017eivotnoj sredini na teritoriji Republike Srbije u proteklih 7 dana kre\u0107e se u granicama prose\u010dnih vrednosti za na\u0161u zemlju.<\/p>\n\n\n\n<p>Direktorat nastavlja da redovno prati nivo radioaktivnosti na teritoriji Srbije i Evrope.<\/p>\n\n\n\n<p>O svim odstupanjima vrednosti nivoa radioaktivnog zra\u010denja koji bi mogli da imaju uticaj na stanovni\u0161tvo i \u017eivotnu sredinu Direktorat \u0107e blagovremeno obavestiti javnost.<\/p>\n","protected":false},"excerpt":{"rendered":"<p>Aktuelne izmerene vrednosti doze gama zra\u010denja na teritoriji Evrope dostupne na evropskoj platformi za razmenu radiolo\u0161kih podataka EURDEP i platformi Me\u0111unarodne agencije za atomsku energiju IRMIS ne pokazuju pove\u0107anje nivoa radioaktivnosti u \u017eivotnoj sredini.<\/p>\n","protected":false},"author":2,"featured_media":12079,"comment_status":"closed","ping_status":"closed","sticky":false,"template":"","format":"standard","meta":{"_et_pb_use_builder":"off","_et_pb_old_content":"","_et_gb_content_width":"","ngg_post_thumbnail":0,"footnotes":""},"categories":[38,36],"tags":[],"class_list":["post-16531","post","type-post","status-publish","format-standard","has-post-thumbnail","hentry","category-saopstenja-bs","category-vesti"],"_links":{"self":[{"href":"https:\/\/www.srbatom.gov.rs\/srbatomm\/wp-json\/wp\/v2\/posts\/16531","targetHints":{"allow":["GET"]}}],"collection":[{"href":"https:\/\/www.srbatom.gov.rs\/srbatomm\/wp-json\/wp\/v2\/posts"}],"about":[{"href":"https:\/\/www.srbatom.gov.rs\/srbatomm\/wp-json\/wp\/v2\/types\/post"}],"author":[{"embeddable":true,"href":"https:\/\/www.srbatom.gov.rs\/srbatomm\/wp-json\/wp\/v2\/users\/2"}],"replies":[{"embeddable":true,"href":"https:\/\/www.srbatom.gov.rs\/srbatomm\/wp-json\/wp\/v2\/comments?post=16531"}],"version-history":[{"count":3,"href":"https:\/\/www.srbatom.gov.rs\/srbatomm\/wp-json\/wp\/v2\/posts\/16531\/revisions"}],"predecessor-version":[{"id":16535,"href":"https:\/\/www.srbatom.gov.rs\/srbatomm\/wp-json\/wp\/v2\/posts\/16531\/revisions\/16535"}],"wp:featuredmedia":[{"embeddable":true,"href":"https:\/\/www.srbatom.gov.rs\/srbatomm\/wp-json\/wp\/v2\/media\/12079"}],"wp:attachment":[{"href":"https:\/\/www.srbatom.gov.rs\/srbatomm\/wp-json\/wp\/v2\/media?parent=16531"}],"wp:term":[{"taxonomy":"category","embeddable":true,"href":"https:\/\/www.srbatom.gov.rs\/srbatomm\/wp-json\/wp\/v2\/categories?post=16531"},{"taxonomy":"post_tag","embeddable":true,"href":"https:\/\/www.srbatom.gov.rs\/srbatomm\/wp-json\/wp\/v2\/tags?post=16531"}],"curies":[{"name":"wp","href":"https:\/\/api.w.org\/{rel}","templated":true}]}}