{"id":16495,"date":"2023-05-16T10:46:58","date_gmt":"2023-05-16T10:46:58","guid":{"rendered":"https:\/\/www.srbatom.gov.rs\/srbatomm\/saopstenje-za-javnost-2\/"},"modified":"2023-05-16T10:49:17","modified_gmt":"2023-05-16T10:49:17","slug":"saopstenje-za-javnost-2","status":"publish","type":"post","link":"https:\/\/www.srbatom.gov.rs\/srbatomm\/saopstenje-za-javnost-2\/?lang=bs","title":{"rendered":"Saop\u0161tenje za javnost"},"content":{"rendered":"\n<p>Na dru\u0161tvenim mre\u017eama pojavila se informacija da je prilikom uni\u0161tavanja skladi\u0161ta municije u Hmeljnickom u Ukrajini do\u0161lo do osloba\u0111anja radioaktivnih materija u \u017eivotnu sredinu.<\/p>\n\n\n\n<p>Direktorat nema zvani\u010dnu potvrdu ovih informacija. Izmerene vrednosti nivoa zra\u010denja za sada ne potvr\u0111uju ispu\u0161tanje radioaktivnih materija u \u017eivotnu sredinu niti ukazuju na potrebu sprovo\u0111enja mera za\u0161tite od jonizuju\u0107eg zra\u010denja.<\/p>\n\n\n\n<p>Direktorat nastavlja da redovno prati nivo radioaktivnosti na teritoriji Evrope preko platformi za razmenu radiolo\u0161kih podataka Evropske komisije i Me\u0111unarodne agencije za atomsku energiju.<\/p>\n\n\n\n<p>O svim odstupanjima vrednosti nivoa radioaktivnog zra\u010denja koji bi mogli da imaju uticaj na stanovni\u0161tvo i \u017eivotnu sredinu Direktorat \u0107e blagovremeno obavestiti javnost.<\/p>\n","protected":false},"excerpt":{"rendered":"<p>Na dru\u0161tvenim mre\u017eama pojavila se informacija da je prilikom uni\u0161tavanja skladi\u0161ta municije u Hmeljnickom u Ukrajini do\u0161lo do osloba\u0111anja radioaktivnih materija u \u017eivotnu sredinu. Direktorat nema zvani\u010dnu potvrdu ovih informacija. Izmerene vrednosti nivoa zra\u010denja za sada ne potvr\u0111uju ispu\u0161tanje radioaktivnih materija u \u017eivotnu sredinu niti ukazuju na potrebu sprovo\u0111enja mera za\u0161tite od jonizuju\u0107eg zra\u010denja. Direktorat [&hellip;]<\/p>\n","protected":false},"author":2,"featured_media":12079,"comment_status":"closed","ping_status":"closed","sticky":false,"template":"","format":"standard","meta":{"_et_pb_use_builder":"off","_et_pb_old_content":"","_et_gb_content_width":"","ngg_post_thumbnail":0,"footnotes":""},"categories":[38,36],"tags":[],"class_list":["post-16495","post","type-post","status-publish","format-standard","has-post-thumbnail","hentry","category-saopstenja-bs","category-vesti"],"_links":{"self":[{"href":"https:\/\/www.srbatom.gov.rs\/srbatomm\/wp-json\/wp\/v2\/posts\/16495","targetHints":{"allow":["GET"]}}],"collection":[{"href":"https:\/\/www.srbatom.gov.rs\/srbatomm\/wp-json\/wp\/v2\/posts"}],"about":[{"href":"https:\/\/www.srbatom.gov.rs\/srbatomm\/wp-json\/wp\/v2\/types\/post"}],"author":[{"embeddable":true,"href":"https:\/\/www.srbatom.gov.rs\/srbatomm\/wp-json\/wp\/v2\/users\/2"}],"replies":[{"embeddable":true,"href":"https:\/\/www.srbatom.gov.rs\/srbatomm\/wp-json\/wp\/v2\/comments?post=16495"}],"version-history":[{"count":2,"href":"https:\/\/www.srbatom.gov.rs\/srbatomm\/wp-json\/wp\/v2\/posts\/16495\/revisions"}],"predecessor-version":[{"id":16498,"href":"https:\/\/www.srbatom.gov.rs\/srbatomm\/wp-json\/wp\/v2\/posts\/16495\/revisions\/16498"}],"wp:featuredmedia":[{"embeddable":true,"href":"https:\/\/www.srbatom.gov.rs\/srbatomm\/wp-json\/wp\/v2\/media\/12079"}],"wp:attachment":[{"href":"https:\/\/www.srbatom.gov.rs\/srbatomm\/wp-json\/wp\/v2\/media?parent=16495"}],"wp:term":[{"taxonomy":"category","embeddable":true,"href":"https:\/\/www.srbatom.gov.rs\/srbatomm\/wp-json\/wp\/v2\/categories?post=16495"},{"taxonomy":"post_tag","embeddable":true,"href":"https:\/\/www.srbatom.gov.rs\/srbatomm\/wp-json\/wp\/v2\/tags?post=16495"}],"curies":[{"name":"wp","href":"https:\/\/api.w.org\/{rel}","templated":true}]}}