{"id":16246,"date":"2023-03-20T11:42:36","date_gmt":"2023-03-20T11:42:36","guid":{"rendered":"https:\/\/www.srbatom.gov.rs\/srbatomm\/direktor-direktorata-gost-memorijalne-konferencije-predrag-maric\/"},"modified":"2023-03-21T06:59:22","modified_gmt":"2023-03-21T06:59:22","slug":"direktor-direktorata-gost-memorijalne-konferencije-predrag-maric","status":"publish","type":"post","link":"https:\/\/www.srbatom.gov.rs\/srbatomm\/direktor-direktorata-gost-memorijalne-konferencije-predrag-maric\/?lang=bs","title":{"rendered":"Direktor Direktorata gost Memorijalne konferencije &#8222;Predrag Mari\u0107&#8220;"},"content":{"rendered":"\n<p>Na poziv gospodina Bratislava Ga\u0161i\u0107a, ministra unutra\u0161njih poslova, Sla\u0111an Velinov, direktor Direktorata za radijacionu i nuklearnu sigurnost i bezbednost Srbije i \u010dlan \u0160taba za vanredne situacije, bio je gost\u00a0 Sve\u010dane akademije povodom druge Memorijalne konferencije &#8222;Predrag Mari\u0107&#8220;, u sve\u010danoj sali Rektorata BU.<\/p>\n\n\n\n<figure class=\"wp-block-image aligncenter size-large is-resized\"><img loading=\"lazy\" decoding=\"async\" src=\"https:\/\/www.srbatom.gov.rs\/srbatomm\/wp-content\/uploads\/2023\/03\/viber_image_2023-03-20_21-23-17-871-1024x650.jpg\" alt=\"\" class=\"wp-image-16266\" width=\"631\" height=\"400\"\/><\/figure>\n\n\n\n<p>Ova memorijalna Konferencija posve\u0107ena je uspomeni na prerano preminulog generala policije Predraga Mari\u0107a, koji je bio dugogodi\u0161nji pomo\u0107nik ministra unutra\u0161njih poslova, na\u010delnik Sektora za vanredne situacije, predava\u010d na Fakultetu bezbednosti UB, pionir i idejni tvorac sistema smanjenja rizika od katastrofa u Republici Srbiji.<\/p>\n\n\n\n<p>Memorijalnu konferenciju su organizovali Univerzitet u Beogradu, Fakultet bezbednosti, Institut za me\u0111unarodnu politiku i privredu i Ministarstvo unutra\u0161njih poslova.<\/p>\n\n\n\n<p>Nakon sve\u010dane akademije, prisutni su u\u010destvovali i na sedam nau\u010dno-stru\u010dnih panela, u okviru kojih su izlo\u017eena 52 rada, koji ulaze u konkurenciju za najbolji nau\u010dni rad. Govornici su bili eminentni univerzitetski profesori i stru\u010dnjaci u oblasti upravljanja novim bezbednosnim rizicima, posebno u domenu vanrednih situacija.<\/p>\n\n\n\n<figure class=\"wp-block-image aligncenter size-large is-resized\"><img loading=\"lazy\" decoding=\"async\" src=\"https:\/\/www.srbatom.gov.rs\/srbatomm\/wp-content\/uploads\/2023\/03\/Memorijalna-konferencija-Predrag-Maric-2-1024x726.jpg\" alt=\"\" class=\"wp-image-16239\" width=\"586\" height=\"415\"\/><\/figure>\n\n\n\n<p>Ovogodi\u0161nja konferencija je deo projekta \u201eUpravljanje novim bezbednosnim rizicima \u2013 istra\u017eivanje i razvoj simulacija\u201c u okviru programa Ideje,koji finansira Fond za nauku Republike Srbije.<\/p>\n\n\n\n<p><br><mark style=\"background-color:rgba(0, 0, 0, 0)\" class=\"has-inline-color has-vivid-cyan-blue-color\">Fotografije preuzete sa promotivnog materijala Organizatora.<\/mark><\/p>\n","protected":false},"excerpt":{"rendered":"<p>Na poziv gospodina Bratislava Ga\u0161i\u0107a, ministra unutra\u0161njih poslova, Sla\u0111an Velinov, direktor Direktorata za radijacionu i nuklearnu sigurnost i bezbednost Srbije i \u010dlan \u0160taba za vanredne situacije, bio je gost\u00a0 Sve\u010dane akademije povodom druge Memorijalne konferencije &#8222;Predrag Mari\u0107&#8220;, u sve\u010danoj sali Rektorata BU.<\/p>\n","protected":false},"author":2,"featured_media":16236,"comment_status":"closed","ping_status":"closed","sticky":false,"template":"","format":"standard","meta":{"_et_pb_use_builder":"off","_et_pb_old_content":"","_et_gb_content_width":"","ngg_post_thumbnail":0,"footnotes":""},"categories":[38,36],"tags":[],"class_list":["post-16246","post","type-post","status-publish","format-standard","has-post-thumbnail","hentry","category-saopstenja-bs","category-vesti"],"_links":{"self":[{"href":"https:\/\/www.srbatom.gov.rs\/srbatomm\/wp-json\/wp\/v2\/posts\/16246","targetHints":{"allow":["GET"]}}],"collection":[{"href":"https:\/\/www.srbatom.gov.rs\/srbatomm\/wp-json\/wp\/v2\/posts"}],"about":[{"href":"https:\/\/www.srbatom.gov.rs\/srbatomm\/wp-json\/wp\/v2\/types\/post"}],"author":[{"embeddable":true,"href":"https:\/\/www.srbatom.gov.rs\/srbatomm\/wp-json\/wp\/v2\/users\/2"}],"replies":[{"embeddable":true,"href":"https:\/\/www.srbatom.gov.rs\/srbatomm\/wp-json\/wp\/v2\/comments?post=16246"}],"version-history":[{"count":6,"href":"https:\/\/www.srbatom.gov.rs\/srbatomm\/wp-json\/wp\/v2\/posts\/16246\/revisions"}],"predecessor-version":[{"id":16270,"href":"https:\/\/www.srbatom.gov.rs\/srbatomm\/wp-json\/wp\/v2\/posts\/16246\/revisions\/16270"}],"wp:featuredmedia":[{"embeddable":true,"href":"https:\/\/www.srbatom.gov.rs\/srbatomm\/wp-json\/wp\/v2\/media\/16236"}],"wp:attachment":[{"href":"https:\/\/www.srbatom.gov.rs\/srbatomm\/wp-json\/wp\/v2\/media?parent=16246"}],"wp:term":[{"taxonomy":"category","embeddable":true,"href":"https:\/\/www.srbatom.gov.rs\/srbatomm\/wp-json\/wp\/v2\/categories?post=16246"},{"taxonomy":"post_tag","embeddable":true,"href":"https:\/\/www.srbatom.gov.rs\/srbatomm\/wp-json\/wp\/v2\/tags?post=16246"}],"curies":[{"name":"wp","href":"https:\/\/api.w.org\/{rel}","templated":true}]}}