{"id":15707,"date":"2022-12-19T11:48:09","date_gmt":"2022-12-19T11:48:09","guid":{"rendered":"https:\/\/www.srbatom.gov.rs\/srbatomm\/potpisan-sporazum-o-saradnji-sa-pravnim-fakultetom\/"},"modified":"2022-12-24T08:15:30","modified_gmt":"2022-12-24T08:15:30","slug":"potpisan-sporazum-o-saradnji-sa-pravnim-fakultetom","status":"publish","type":"post","link":"https:\/\/www.srbatom.gov.rs\/srbatomm\/potpisan-sporazum-o-saradnji-sa-pravnim-fakultetom\/?lang=bs","title":{"rendered":"Potpisan Sporazum o saradnji sa Pravnim fakultetom"},"content":{"rendered":"\n<p>Na Pravnom fakultetu Univerziteta u Beogradu, u \u010detvrtak, 15. decembra &nbsp;potpisan je &nbsp;Sporazum o saradnji izme\u0111u ovog fakulteta i Direktorata za radijacionu i nuklearnu sigurnost i bezbednost Srbije.<\/p>\n\n\n\n<p>Sporazumom, koji su potpisali prof. dr Zoran Mirkovi\u0107, dekan Pravnog fakulteta i Sla\u0111an Velinov, direktor Direktorata, stvorene su mogu\u0107nosti da se Direktorat uklju\u010di u edukaciju i stru\u010dnu praksu studenata zavr\u0161ne godine i doktorskih studija Pravnog fakulteta.<\/p>\n\n\n\n<p><\/p>\n\n\n\n<figure class=\"wp-block-image aligncenter size-large is-resized\"><img loading=\"lazy\" decoding=\"async\" src=\"https:\/\/www.srbatom.gov.rs\/srbatomm\/wp-content\/uploads\/2022\/12\/20221215_131010-1024x648.jpg\" alt=\"\" class=\"wp-image-15576\" width=\"627\" height=\"396\"\/><\/figure>\n\n\n\n<p>Uspostavljanje saradnje izme\u0111u Pravnog fakulteta i Direktorata za radijacionu i nuklearnu sigurnost i bezbednost Srbije, doprine\u0107e razvoju i unapre\u0111enju kapaciteta nau\u010dno-nastavnog potencijala u oblasti radijacione i nuklearne sigurnosti.<\/p>\n","protected":false},"excerpt":{"rendered":"<p>Na Pravnom fakultetu Univerziteta u Beogradu, u \u010detvrtak, 15. decembra \u00a0potpisan je \u00a0Sporazum o saradnji izme\u0111u ovog fakulteta i Direktorata za radijacionu i nuklearnu sigurnost i bezbednost Srbije.<\/p>\n","protected":false},"author":2,"featured_media":15574,"comment_status":"closed","ping_status":"closed","sticky":false,"template":"","format":"standard","meta":{"_et_pb_use_builder":"off","_et_pb_old_content":"","_et_gb_content_width":"","ngg_post_thumbnail":0,"footnotes":""},"categories":[38,36],"tags":[],"class_list":["post-15707","post","type-post","status-publish","format-standard","has-post-thumbnail","hentry","category-saopstenja-bs","category-vesti"],"_links":{"self":[{"href":"https:\/\/www.srbatom.gov.rs\/srbatomm\/wp-json\/wp\/v2\/posts\/15707","targetHints":{"allow":["GET"]}}],"collection":[{"href":"https:\/\/www.srbatom.gov.rs\/srbatomm\/wp-json\/wp\/v2\/posts"}],"about":[{"href":"https:\/\/www.srbatom.gov.rs\/srbatomm\/wp-json\/wp\/v2\/types\/post"}],"author":[{"embeddable":true,"href":"https:\/\/www.srbatom.gov.rs\/srbatomm\/wp-json\/wp\/v2\/users\/2"}],"replies":[{"embeddable":true,"href":"https:\/\/www.srbatom.gov.rs\/srbatomm\/wp-json\/wp\/v2\/comments?post=15707"}],"version-history":[{"count":2,"href":"https:\/\/www.srbatom.gov.rs\/srbatomm\/wp-json\/wp\/v2\/posts\/15707\/revisions"}],"predecessor-version":[{"id":15710,"href":"https:\/\/www.srbatom.gov.rs\/srbatomm\/wp-json\/wp\/v2\/posts\/15707\/revisions\/15710"}],"wp:featuredmedia":[{"embeddable":true,"href":"https:\/\/www.srbatom.gov.rs\/srbatomm\/wp-json\/wp\/v2\/media\/15574"}],"wp:attachment":[{"href":"https:\/\/www.srbatom.gov.rs\/srbatomm\/wp-json\/wp\/v2\/media?parent=15707"}],"wp:term":[{"taxonomy":"category","embeddable":true,"href":"https:\/\/www.srbatom.gov.rs\/srbatomm\/wp-json\/wp\/v2\/categories?post=15707"},{"taxonomy":"post_tag","embeddable":true,"href":"https:\/\/www.srbatom.gov.rs\/srbatomm\/wp-json\/wp\/v2\/tags?post=15707"}],"curies":[{"name":"wp","href":"https:\/\/api.w.org\/{rel}","templated":true}]}}