{"id":15391,"date":"2022-12-07T14:48:18","date_gmt":"2022-12-07T14:48:18","guid":{"rendered":"https:\/\/www.srbatom.gov.rs\/srbatomm\/direktorat-predstavlja-kapacitete-srbije-za-procenu-nuklearnih-i-radiloskih-rizika\/"},"modified":"2022-12-08T07:29:53","modified_gmt":"2022-12-08T07:29:53","slug":"direktorat-predstavlja-kapacitete-srbije-za-procenu-nuklearnih-i-radiloskih-rizika","status":"publish","type":"post","link":"https:\/\/www.srbatom.gov.rs\/srbatomm\/direktorat-predstavlja-kapacitete-srbije-za-procenu-nuklearnih-i-radiloskih-rizika\/?lang=bs","title":{"rendered":"<strong>Direktorat predstavlja kapacitete Srbije za procenu nuklearnih i radilo\u0161kih rizika<\/strong>"},"content":{"rendered":"\n<p><strong>Direktorat za radijacionu i nuklearnu sigurnost i bezbednost Srbije<\/strong> od po\u010detka ukrajinske krize, a u skladu sa svojim nadle\u017enostima, pove\u0107ao je stepen pripravnosti i aktivnosti, na pra\u0107enju nivoa radioaktivnosti u vazduhu na teritoriji Republike Srbije.<\/p>\n\n\n\n<p>Veliki broj neta\u010dnih informacija, senzacionalisti\u010dkog karaktera, koje su od po\u010detka krize u Ukrajini, plasirane u sredstvima masovne komunikacije, dovodi javnost u zabludu i mo\u017ee izazvati samo \u0161tetu.<\/p>\n\n\n\n<p>Samo Direktorat i nadle\u017ene institucija imaju ta\u010dne i pravovremene informacije o nivou radioaktivnosti u Srbiji i Evropi kao i podatke o vanrednim doga\u0111ajima. Ukoliko do\u0111e do zna\u010dajnih promena nivoa radioaktivnosti u vazduhu u odnosu na o\u010dekivane vrednosti gra\u0111ani \u0107e biti pravovremeno obave\u0161teni.<\/p>\n\n\n\n<p>S tim u vezi, <strong>izra\u0111en je kratak film kojim se predstavljaju kapaciteti Srbije za procenu sigurnosno-bezbednosne situacije vezano za nuklearne i radiolo\u0161ke rizike<\/strong>, koji uklju\u010duju i <strong>nesre\u0107e na nuklearnim elektranama, pra\u0107enje situacije i dono\u0161enje odluka o merama za\u0161tite stanovni\u0161tva.<\/strong><\/p>\n\n\n\n<p>U cilju prevencije bilo kakvih dezinformacija gra\u0111ana <strong>direktor Direktorata Sla\u0111an Velinov <\/strong>napominje da ,,Veoma je va\u017eno naglasiti da samoinicijativno sprovo\u0111enje mera bez izdatih uputstava mo\u017ee naneti veliku \u0161tetu.<\/p>\n\n\n\n<p>Od izuzetne je va\u017enosti da gra\u0111ani znaju da jedine pravovremene informacije imamo mi i nadle\u017ene institucije, mi kao Direktorat i nadle\u017ene institucije u Srbiji\u201c zaklju\u010duje Velinov.<\/p>\n\n\n\n<p><\/p>\n\n\n\n<figure class=\"wp-block-embed is-type-video is-provider-youtube wp-block-embed-youtube wp-embed-aspect-16-9 wp-has-aspect-ratio\"><div class=\"wp-block-embed__wrapper\">\n<iframe loading=\"lazy\" title=\"\u041f\u0440\u0435\u0434\u0441\u0442\u0430\u0432\u0459\u0430 \u043a\u0430\u043f\u0430\u0446\u0438\u0442\u0435\u0442\u0435 \u0421\u0440\u0431\u0438\u0458\u0435 \u0437\u0430 \u043f\u0440\u043e\u0446\u0435\u043d\u0443 \u043d\u0443\u043a\u043b\u0435\u0430\u0440\u043d\u0438\u0445 \u0438 \u0440\u0430\u0434\u0438\u043b\u043e\u0448\u043a\u0438\u0445 \u0440\u0438\u0437\u0438\u043a\u0430\" width=\"1080\" height=\"608\" src=\"https:\/\/www.youtube.com\/embed\/RYzwL0gRUFw?feature=oembed\"  allow=\"accelerometer; autoplay; clipboard-write; encrypted-media; gyroscope; picture-in-picture\" allowfullscreen><\/iframe>\n<\/div><\/figure>\n","protected":false},"excerpt":{"rendered":"<p>Direktorat za radijacionu i nuklearnu sigurnost i bezbednost Srbije od po\u010detka ukrajinske krize, a u skladu sa svojim nadle\u017enostima, pove\u0107ao je stepen pripravnosti i aktivnosti, na pra\u0107enju nivoa radioaktivnosti u vazduhu na teritoriji Republike Srbije.<\/p>\n","protected":false},"author":2,"featured_media":15372,"comment_status":"closed","ping_status":"closed","sticky":false,"template":"","format":"standard","meta":{"_et_pb_use_builder":"off","_et_pb_old_content":"","_et_gb_content_width":"","ngg_post_thumbnail":0,"footnotes":""},"categories":[38,36],"tags":[],"class_list":["post-15391","post","type-post","status-publish","format-standard","has-post-thumbnail","hentry","category-saopstenja-bs","category-vesti"],"_links":{"self":[{"href":"https:\/\/www.srbatom.gov.rs\/srbatomm\/wp-json\/wp\/v2\/posts\/15391","targetHints":{"allow":["GET"]}}],"collection":[{"href":"https:\/\/www.srbatom.gov.rs\/srbatomm\/wp-json\/wp\/v2\/posts"}],"about":[{"href":"https:\/\/www.srbatom.gov.rs\/srbatomm\/wp-json\/wp\/v2\/types\/post"}],"author":[{"embeddable":true,"href":"https:\/\/www.srbatom.gov.rs\/srbatomm\/wp-json\/wp\/v2\/users\/2"}],"replies":[{"embeddable":true,"href":"https:\/\/www.srbatom.gov.rs\/srbatomm\/wp-json\/wp\/v2\/comments?post=15391"}],"version-history":[{"count":2,"href":"https:\/\/www.srbatom.gov.rs\/srbatomm\/wp-json\/wp\/v2\/posts\/15391\/revisions"}],"predecessor-version":[{"id":15395,"href":"https:\/\/www.srbatom.gov.rs\/srbatomm\/wp-json\/wp\/v2\/posts\/15391\/revisions\/15395"}],"wp:featuredmedia":[{"embeddable":true,"href":"https:\/\/www.srbatom.gov.rs\/srbatomm\/wp-json\/wp\/v2\/media\/15372"}],"wp:attachment":[{"href":"https:\/\/www.srbatom.gov.rs\/srbatomm\/wp-json\/wp\/v2\/media?parent=15391"}],"wp:term":[{"taxonomy":"category","embeddable":true,"href":"https:\/\/www.srbatom.gov.rs\/srbatomm\/wp-json\/wp\/v2\/categories?post=15391"},{"taxonomy":"post_tag","embeddable":true,"href":"https:\/\/www.srbatom.gov.rs\/srbatomm\/wp-json\/wp\/v2\/tags?post=15391"}],"curies":[{"name":"wp","href":"https:\/\/api.w.org\/{rel}","templated":true}]}}