{"id":15142,"date":"2022-09-30T16:10:58","date_gmt":"2022-09-30T16:10:58","guid":{"rendered":"https:\/\/www.srbatom.gov.rs\/srbatomm\/predstavnici-direktorata-na-sastanku-nacionalnih-koordinatora-za-vezu-sa-maae-regiona-evrope\/"},"modified":"2022-11-02T18:16:25","modified_gmt":"2022-11-02T18:16:25","slug":"predstavnici-direktorata-na-sastanku-nacionalnih-koordinatora-za-vezu-sa-maae-regiona-evrope","status":"publish","type":"post","link":"https:\/\/www.srbatom.gov.rs\/srbatomm\/predstavnici-direktorata-na-sastanku-nacionalnih-koordinatora-za-vezu-sa-maae-regiona-evrope\/?lang=bs","title":{"rendered":"Predstavnici Direktorata na sastanku nacionalnih koordinatora za vezu sa MAAE regiona Evrope"},"content":{"rendered":"\n<p>Predstavnici Direktorata za radijacionu i nuklearnu sigurnost i bezbednost Srbije su 29. septembra prisustvovali sastanku nacionalnih koordinatora za vezu sa Me\u0111unarodnom agencijom za atomsku energiju (MAAE), regiona Evrope, u okviru 66. zasedanja Generalne konferencije.<\/p>\n\n<p>Na sastanku je podnet izve\u0161taj o realizaciji regionalnog programa za teku\u0107i projektni ciklus 2022-2023, i dat je pregled projekata koji se pripremaju za realizaciju u predstoje\u0107em ciklusu 2024\u20132025 regionalnog programa tehni\u010dke saradnje.<\/p>\n\n<p>Navedeno je da su tokom 66. zasedanja Generalne konferencije tri zemlje regiona Evrope \u2013 Belorusija, Estonija i Crna Gora \u2013 potpisale sa MAAE svoje okvirne dokumente programa saradnje.<\/p>\n\n<figure class=\"wp-block-image aligncenter size-full is-resized\"><img loading=\"lazy\" decoding=\"async\" src=\"https:\/\/www.srbatom.gov.rs\/srbatomm\/wp-content\/uploads\/2022\/09\/IMG-2b6a6b6ea85572734f36d81598155a24-V.jpg\" alt=\"\" class=\"wp-image-15108\" width=\"636\" height=\"357\"\/><\/figure>\n\n<p><br\/>Podnet je kratak izve\u0161taj radne grupe koja je radila na kona\u010dnom tekstu Evropskog regionalnog profila za period 2022-2027. godine, a tokom sastanka ovaj dokument zvani\u010dno je usvojen.<\/p>\n\n<p>Prezentovana je i inicijativa ,,Zraci nade\u201d (<em>Rays of Hope<\/em>), namenjena globalnom unapre\u0111enju le\u010denja i dijagnostike raka zra\u010denjem.<br\/>Na sastanku je objavljeno da je Departman tehni\u010dke saradnje MAAE po\u010deo da koristi usluge novog globalnog \u0161peditera, kompanije <em>Scan Global Logistics<\/em> (<a href=\"https:\/\/www.scangl.com\/\">https:\/\/www.scangl.com\/<\/a>) za po\u0161iljku, \u0161pediciju i isporuku opreme i druge robe kao podr\u0161ku tehni\u010dke pomo\u0107i krajnjim korisnicima u dr\u017eavama \u010dlanicama. \u0438\u0447\u043a\u0435 \u043f\u043e\u043c\u043e\u045b\u0438 \u043a\u0440\u0430\u0458\u045a\u0438\u043c \u043a\u043e\u0440\u0438\u0441\u043d\u0438\u0446\u0438\u043c\u0430 \u0443 \u0434\u0440\u0436\u0430\u0432\u0430\u043c\u0430 \u0447\u043b\u0430\u043d\u0438\u0446\u0430\u043c\u0430. Izabrani novi globalni \u0161pediter je od 01. jula ove godine, zadu\u017een za sve vrste kargo tereta, sa izuzetkom radioaktivnog materijala.<\/p>\n","protected":false},"excerpt":{"rendered":"<p>Predstavnici Direktorata za radijacionu i nuklearnu sigurnost i bezbednost Srbije su 29. septembra prisustvovali sastanku nacionalnih koordinatora za vezu sa Me\u0111unarodnom agencijom za atomsku energiju (MAAE), regiona Evrope, u okviru 66. zasedanja Generalne konferencije.<\/p>\n","protected":false},"author":2,"featured_media":15106,"comment_status":"closed","ping_status":"closed","sticky":false,"template":"","format":"standard","meta":{"_et_pb_use_builder":"off","_et_pb_old_content":"","_et_gb_content_width":"","ngg_post_thumbnail":0,"footnotes":""},"categories":[38,36],"tags":[],"class_list":["post-15142","post","type-post","status-publish","format-standard","has-post-thumbnail","hentry","category-saopstenja-bs","category-vesti"],"_links":{"self":[{"href":"https:\/\/www.srbatom.gov.rs\/srbatomm\/wp-json\/wp\/v2\/posts\/15142","targetHints":{"allow":["GET"]}}],"collection":[{"href":"https:\/\/www.srbatom.gov.rs\/srbatomm\/wp-json\/wp\/v2\/posts"}],"about":[{"href":"https:\/\/www.srbatom.gov.rs\/srbatomm\/wp-json\/wp\/v2\/types\/post"}],"author":[{"embeddable":true,"href":"https:\/\/www.srbatom.gov.rs\/srbatomm\/wp-json\/wp\/v2\/users\/2"}],"replies":[{"embeddable":true,"href":"https:\/\/www.srbatom.gov.rs\/srbatomm\/wp-json\/wp\/v2\/comments?post=15142"}],"version-history":[{"count":1,"href":"https:\/\/www.srbatom.gov.rs\/srbatomm\/wp-json\/wp\/v2\/posts\/15142\/revisions"}],"predecessor-version":[{"id":15143,"href":"https:\/\/www.srbatom.gov.rs\/srbatomm\/wp-json\/wp\/v2\/posts\/15142\/revisions\/15143"}],"wp:featuredmedia":[{"embeddable":true,"href":"https:\/\/www.srbatom.gov.rs\/srbatomm\/wp-json\/wp\/v2\/media\/15106"}],"wp:attachment":[{"href":"https:\/\/www.srbatom.gov.rs\/srbatomm\/wp-json\/wp\/v2\/media?parent=15142"}],"wp:term":[{"taxonomy":"category","embeddable":true,"href":"https:\/\/www.srbatom.gov.rs\/srbatomm\/wp-json\/wp\/v2\/categories?post=15142"},{"taxonomy":"post_tag","embeddable":true,"href":"https:\/\/www.srbatom.gov.rs\/srbatomm\/wp-json\/wp\/v2\/tags?post=15142"}],"curies":[{"name":"wp","href":"https:\/\/api.w.org\/{rel}","templated":true}]}}