{"id":15102,"date":"2022-09-30T12:03:33","date_gmt":"2022-09-30T12:03:33","guid":{"rendered":"https:\/\/www.srbatom.gov.rs\/srbatomm\/odrzan-bilateralni-sastanak-sa-madjarima\/"},"modified":"2022-10-05T07:10:12","modified_gmt":"2022-10-05T07:10:12","slug":"odrzan-bilateralni-sastanak-sa-madjarima","status":"publish","type":"post","link":"https:\/\/www.srbatom.gov.rs\/srbatomm\/odrzan-bilateralni-sastanak-sa-madjarima\/?lang=bs","title":{"rendered":"Odr\u017ean bilateralni sastanak sa Ma\u0111arima"},"content":{"rendered":"\n<p>\u041f\u0440\u0435\u0434\u0441\u0442\u0430\u0432\u043d\u0438\u0446\u0438 \u0414\u0438\u0440\u0435\u043a\u0442\u043e\u0440\u0430\u0442\u0430 \u0437\u0430 \u0440\u0430\u0434\u0438\u0458\u0430\u0446\u0438\u043e\u043d\u0443 \u0438 \u043d\u0443\u043a\u043b\u0435\u0430\u0440\u043d\u0443 \u0441\u0438\u0433\u0443\u0440\u043d\u043e\u0441\u0442 \u0438 \u0431\u0435\u0437\u0431\u0435\u0434\u043d\u043e\u0441\u0442 \u0421\u0440\u0431\u0438\u0458\u0435 28. septembra 2022. godine sastali su se sa predstavnicima regulatornog tela Ma\u0111arske (Hungarian atomic energy authority &#8211; HAEA), a u skladu sa bilateralnim sporazumom potpisanim 2015. godine.<\/p>\n\n<p>Na sastanku su razmenjene informacije o statusu nuklearnih postrojenja, kao i o aktivnostima planiranim u bliskoj budu\u0107nosti. Direktorat je izvestio ma\u0111arske kolege o rezultatima monitoringa radioaktivnosti na teritoriji Republike Srbije, kao i o aktivnostima na unapre\u0111enju mre\u017ee mernih stanica.<\/p>\n\n<p>Dogovoreno je da se tokom slede\u0107e godine realizuje poseta ma\u0111arskih kolega Republici Srbiji. Naime, ova poseta bila je planirana za prole\u0107e 2020. godine, ali je zbog pandemije Covid 19, morala da bude odlo\u017eena.<\/p>\n","protected":false},"excerpt":{"rendered":"<p>Predstavnici Direktorata za radijacionu i nuklearnu sigurnost i bezbednost Srbije danas su se sastali sa predstavnicima regulatornog tela Ma\u0111arske (Hungarian atomic energy authority &#8211; HAEA), a u skladu sa bilateralnim sporazumom potpisanim 2015. godine.<\/p>\n","protected":false},"author":2,"featured_media":12079,"comment_status":"closed","ping_status":"closed","sticky":false,"template":"","format":"standard","meta":{"_et_pb_use_builder":"off","_et_pb_old_content":"","_et_gb_content_width":"","ngg_post_thumbnail":0,"footnotes":""},"categories":[38,36],"tags":[],"class_list":["post-15102","post","type-post","status-publish","format-standard","has-post-thumbnail","hentry","category-saopstenja-bs","category-vesti"],"_links":{"self":[{"href":"https:\/\/www.srbatom.gov.rs\/srbatomm\/wp-json\/wp\/v2\/posts\/15102","targetHints":{"allow":["GET"]}}],"collection":[{"href":"https:\/\/www.srbatom.gov.rs\/srbatomm\/wp-json\/wp\/v2\/posts"}],"about":[{"href":"https:\/\/www.srbatom.gov.rs\/srbatomm\/wp-json\/wp\/v2\/types\/post"}],"author":[{"embeddable":true,"href":"https:\/\/www.srbatom.gov.rs\/srbatomm\/wp-json\/wp\/v2\/users\/2"}],"replies":[{"embeddable":true,"href":"https:\/\/www.srbatom.gov.rs\/srbatomm\/wp-json\/wp\/v2\/comments?post=15102"}],"version-history":[{"count":2,"href":"https:\/\/www.srbatom.gov.rs\/srbatomm\/wp-json\/wp\/v2\/posts\/15102\/revisions"}],"predecessor-version":[{"id":15151,"href":"https:\/\/www.srbatom.gov.rs\/srbatomm\/wp-json\/wp\/v2\/posts\/15102\/revisions\/15151"}],"wp:featuredmedia":[{"embeddable":true,"href":"https:\/\/www.srbatom.gov.rs\/srbatomm\/wp-json\/wp\/v2\/media\/12079"}],"wp:attachment":[{"href":"https:\/\/www.srbatom.gov.rs\/srbatomm\/wp-json\/wp\/v2\/media?parent=15102"}],"wp:term":[{"taxonomy":"category","embeddable":true,"href":"https:\/\/www.srbatom.gov.rs\/srbatomm\/wp-json\/wp\/v2\/categories?post=15102"},{"taxonomy":"post_tag","embeddable":true,"href":"https:\/\/www.srbatom.gov.rs\/srbatomm\/wp-json\/wp\/v2\/tags?post=15102"}],"curies":[{"name":"wp","href":"https:\/\/api.w.org\/{rel}","templated":true}]}}