{"id":15065,"date":"2022-09-28T12:55:36","date_gmt":"2022-09-28T12:55:36","guid":{"rendered":"https:\/\/www.srbatom.gov.rs\/srbatomm\/govor-sefa-delegacije-republike-srbije-na-66-generalnoj-konferenciji-maae\/"},"modified":"2022-09-28T13:28:29","modified_gmt":"2022-09-28T13:28:29","slug":"govor-sefa-delegacije-republike-srbije-na-66-generalnoj-konferenciji-maae","status":"publish","type":"post","link":"https:\/\/www.srbatom.gov.rs\/srbatomm\/govor-sefa-delegacije-republike-srbije-na-66-generalnoj-konferenciji-maae\/?lang=bs","title":{"rendered":"Govor \u0161efa delegacije Republike Srbije na 66. Generalnoj konferenciji MAAE"},"content":{"rendered":"\n<p>U ime delegacije Republike Srbije danas je na Generalnoj konferenciji govorio njegova ekselencija &nbsp;\u017darko Obradovi\u0107, \u0161ef na\u0161e delegacije i \u0161ef stalne misije Srbije pri OEBS-u i drugim me\u0111unarodnim organizacijama u Be\u010du.<\/p>\n\n\n\n<p>On je na po\u010detku svog izlaganja, u ime Republike Srbije izrazio zahvalnost i puno uva\u017eavanje pomo\u0107i i podr\u0161ke koju je na\u0161a zemlja, tokom pandemije virusa COVID-19, primila od Me\u0111unarodne agencije za atomsku energiju (MAAE), a koja je bila od zna\u010daja za suo\u010davanje sa izazovima pandemije i njenim posledicama.<\/p>\n\n\n\n<figure class=\"wp-block-image aligncenter size-large is-resized\"><img loading=\"lazy\" decoding=\"async\" src=\"https:\/\/www.srbatom.gov.rs\/srbatomm\/wp-content\/uploads\/2022\/09\/viber_image_2022-09-28_11-11-01-515-768x1024.jpg\" alt=\"\" class=\"wp-image-15057\" width=\"346\" height=\"461\"\/><\/figure>\n\n\n\n<p>\u201ePru\u017eanjem sli\u010dne pomo\u0107i, u preko stotinu zemalja \u0161irom sveta, Agencija je jo\u0161 jednom potvrdila svoju kontinuiranu posve\u0107enost ciljevima za dobrobit celokupnog \u010dove\u010danstva\u201c rekao je Obradovi\u0107. On je izneo uverenje da se samo takvim pristupom, zasnovanim na saradnji, mogu efikasno i trajno prevazi\u0107i globalni problemi nastali usled pandemije i naglasio&nbsp; spremnost Republike Srbije da, u skladu sa svojim mogu\u0107nostima, da svoj puni doprinos.<\/p>\n\n\n\n<p>Ambasador&nbsp; je u svom obra\u0107anju, potsetio na punu posve\u0107enost Republike Srbije radu Sekretarijata, osnovnim principima i ciljevima MAAE u pravcu ostvarivanja sigurne i bezbedne primene nuklearne energije, ponovo potvr\u0111uju\u0107i nedvosmislenu, tradicionalnu orijentaciju na\u0161e zemlje &nbsp;ka primeni nuklearne energije u mirnodopske svrhe, za dobrobit svakog pojedinca i dru\u0161tva uop\u0161te.<\/p>\n\n\n\n<p>On je naglasio da Republika Srbija ostaje sna\u017eno privr\u017eena daljem ja\u010danju svog nacionalnog pravnog i regulatornog okvira u oblasti radijacione i nuklearne sigurnosti i bezbednosti, u skladu sa me\u0111unarodnim standardima i pravnim tekovinama Evropske unije, i da s tim u vezi, podr\u017eava i napore MAAE ka daljem unapre\u0111enju me\u0111unarodnih standarda i relevantnih me\u0111unarodno-pravnih dokumenata.<\/p>\n\n\n\n<p>&nbsp;\u201eRepublika Srbija u potpunosti po\u0161tuje principe i ciljeve MAAE koji se odnose na bezbedno kori\u0161\u0107enje nuklearne energije, te da je nedvosmisleno privr\u017eena me\u0111unarodnom miru, bezbednosti i razvoju uop\u0161te\u201c, rekao je \u017darko Obradovi\u0107.<\/p>\n\n\n\n<figure class=\"wp-block-image aligncenter size-large is-resized\"><img loading=\"lazy\" decoding=\"async\" src=\"https:\/\/www.srbatom.gov.rs\/srbatomm\/wp-content\/uploads\/2022\/09\/viber_image_2022-09-28_11-11-33-081-1024x576.jpg\" alt=\"\" class=\"wp-image-15053\" width=\"630\" height=\"353\"\/><\/figure>\n\n\n\n<p>On je istakao da \u0107e na\u0161a zemlja nastaviti da podr\u017eava programe i aktivnosti MAAE u procesu ja\u010danja i unapre\u0111enja delotvorne primene garantija, u skladu sa Ugovorom o ne\u0161irenju nuklearnog oru\u017eja i univerzalnom ja\u010danju re\u017eima neproliferacije.<\/p>\n\n\n\n<p>Naglasio je, da Republika Srbija daje prioritetni zna\u010daj svim naporima u borbi protiv nuklearnog terorizma, uz uveravanje da \u0107e na\u0161a zemlja i dalje pru\u017eati sna\u017enu podr\u0161ku globalnim naporima me\u0111unarodne zajednice usmerenim na ja\u010danje efikasnih mehanizama u borbi protiv nedozvoljene trgovine nuklearnim materijalima i drugim izvorima zra\u010denja, pre svega kroz unapre\u0111enje re\u017eima njihove fizi\u010dke za\u0161tite i stavljanje napu\u0161tenih izvora zra\u010denja pod kontrolu.<\/p>\n\n\n\n<p>\u201eRepublika Srbija \u0107e i dalje nastaviti da &nbsp;ispunjava svoje obaveze i primenjuje Kodeks o sigurnosti i bezbednosti radioaktivnih izvora i Smernice o uvozu i izvozu radioaktivnih izvora, zbog izuzetnog zna\u010daja ovih dokumenata MAAE za unapre\u0111enje sigurnosti i bezbednosti izvora zra\u010denja\u201c, kazao je \u0161ef na\u0161e delegacije.<\/p>\n\n\n\n<p>On je naglasio da su prioritetni ciljevi na\u0161e zemlje, sada vi\u0161e nego ikada pre, za\u0161tita zdravlja pojedinca, za\u0161tita \u017eivotne sredine i potvrda da se nuklearna energija koristi samo u mirnodopske svrhe, kao siguran put ka ostvarivanju globalnog mira, prosperiteta i dobrobiti za budu\u0107e generacije.<\/p>\n\n\n\n<p>Obra\u0107anje mo\u017eete pogledati na slede\u0107em <a rel=\"noreferrer noopener\" href=\"http:\/\/streaming.iaea.org\/22001\" target=\"_blank\">linku.<\/a><\/p>\n","protected":false},"excerpt":{"rendered":"<p>U ime delegacije Republike Srbije danas je na Generalnoj konferenciji govorio njegova ekselencija \u00a0\u017darko Obradovi\u0107, \u0161ef na\u0161e delegacije i \u0161ef stalne misije Srbije pri OEBS-u i drugim me\u0111unarodnim organizacijama u Be\u010du.<\/p>\n","protected":false},"author":2,"featured_media":15050,"comment_status":"closed","ping_status":"closed","sticky":false,"template":"","format":"standard","meta":{"_et_pb_use_builder":"off","_et_pb_old_content":"","_et_gb_content_width":"","ngg_post_thumbnail":0,"footnotes":""},"categories":[38,36],"tags":[],"class_list":["post-15065","post","type-post","status-publish","format-standard","has-post-thumbnail","hentry","category-saopstenja-bs","category-vesti"],"_links":{"self":[{"href":"https:\/\/www.srbatom.gov.rs\/srbatomm\/wp-json\/wp\/v2\/posts\/15065","targetHints":{"allow":["GET"]}}],"collection":[{"href":"https:\/\/www.srbatom.gov.rs\/srbatomm\/wp-json\/wp\/v2\/posts"}],"about":[{"href":"https:\/\/www.srbatom.gov.rs\/srbatomm\/wp-json\/wp\/v2\/types\/post"}],"author":[{"embeddable":true,"href":"https:\/\/www.srbatom.gov.rs\/srbatomm\/wp-json\/wp\/v2\/users\/2"}],"replies":[{"embeddable":true,"href":"https:\/\/www.srbatom.gov.rs\/srbatomm\/wp-json\/wp\/v2\/comments?post=15065"}],"version-history":[{"count":6,"href":"https:\/\/www.srbatom.gov.rs\/srbatomm\/wp-json\/wp\/v2\/posts\/15065\/revisions"}],"predecessor-version":[{"id":15072,"href":"https:\/\/www.srbatom.gov.rs\/srbatomm\/wp-json\/wp\/v2\/posts\/15065\/revisions\/15072"}],"wp:featuredmedia":[{"embeddable":true,"href":"https:\/\/www.srbatom.gov.rs\/srbatomm\/wp-json\/wp\/v2\/media\/15050"}],"wp:attachment":[{"href":"https:\/\/www.srbatom.gov.rs\/srbatomm\/wp-json\/wp\/v2\/media?parent=15065"}],"wp:term":[{"taxonomy":"category","embeddable":true,"href":"https:\/\/www.srbatom.gov.rs\/srbatomm\/wp-json\/wp\/v2\/categories?post=15065"},{"taxonomy":"post_tag","embeddable":true,"href":"https:\/\/www.srbatom.gov.rs\/srbatomm\/wp-json\/wp\/v2\/tags?post=15065"}],"curies":[{"name":"wp","href":"https:\/\/api.w.org\/{rel}","templated":true}]}}