{"id":14922,"date":"2022-09-21T14:02:09","date_gmt":"2022-09-21T14:02:09","guid":{"rendered":"https:\/\/www.srbatom.gov.rs\/srbatomm\/u-beogradu-odrzana-nacionalna-radionica-odgovor-na-bezbednosni-vanredni-dogadjaj\/"},"modified":"2022-09-23T06:51:42","modified_gmt":"2022-09-23T06:51:42","slug":"u-beogradu-odrzana-nacionalna-radionica-odgovor-na-bezbednosni-vanredni-dogadjaj","status":"publish","type":"post","link":"https:\/\/www.srbatom.gov.rs\/srbatomm\/u-beogradu-odrzana-nacionalna-radionica-odgovor-na-bezbednosni-vanredni-dogadjaj\/?lang=bs","title":{"rendered":"U Beogradu odr\u017eana Nacionalna radionica \u2013 Odgovor na bezbednosni vanredni doga\u0111aj"},"content":{"rendered":"\n<p>Na dvodnevnoj nacionalnoj radionici od 20-21. septembra na temu odgovora institucija Republike Srbije na bezbednosni vanredni doga\u0111aj koji uklju\u010duje radioaktivne i nuklearne materijale, koja je zavr\u0161ena danas, predstavljeni su kapaciteti za odgovor institucija Republike Srbije na scenario koji uklju\u010duje krijum\u010darenje radioaktivnih materijala preko dr\u017eavne granice i teroristi\u010dku pretnju sa upotrebom radioaktivnih materijala.<\/p>\n\n\n\n<p>Uz me\u0111unarodne eksperte iz Nema\u010dke, Francuske i Ma\u0111arske radionici su prisustvovali i predstavnici Ministarstva unutra\u0161njih poslova, Ministarstva odbrane, Uprave carina, Bezbednosno informativne agencije, Instituta za nuklearne nauke \u201cVin\u010da\u201d, Prirodnomatemati\u010dkog fakulteta, Univerziteta u Novom Sadu, kao i Direktorata za radijacionu i nuklearnu sigurnost i bezbednost Srbije.<\/p>\n\n\n\n<figure class=\"wp-block-image aligncenter size-full is-resized\"><img loading=\"lazy\" decoding=\"async\" src=\"https:\/\/www.srbatom.gov.rs\/srbatomm\/wp-content\/uploads\/2022\/09\/IMG_98261.jpg\" alt=\"\" class=\"wp-image-14911\" width=\"619\" height=\"348\"\/><\/figure>\n\n\n\n<p>U\u010desnicima je dobrodo\u0161licu po\u017eeleo Sla\u0111an Velinov, direktor Direktorata za radijacionu i nuklearnu sigurnost i bezbednost Srbije.&nbsp; On je rekao da ,,Republika Srbija, kao \u010dlanica Ujedinjenih nacija i Me\u0111unarodne agencije za atomsku energiju i kao zemlja potpisnica niza me\u0111unarodnih rezolucija i konvencija u vezi sa pitanjima bezbednosti, spre\u010davanja \u0161irenja i borbe protiv terorizma, ima sna\u017enu opredeljenost da spre\u010di sve kriminalne aktivnosti koje uklju\u010duju radioaktivne i nuklearne materijale kako na svojoj teritoriji, tako i u drugim dr\u017eavama.\u201d Velinov je ovom prilikom i istakao, ,,da je Direktorat, kao dr\u017eavni regulatorni organ zadu\u017een za razvoj regulatornog okvira i koordinaciju aktivnosti vezanih za nuklearnu i radijacionu bezbednost, uvek na raspolaganju svim drugim dr\u017eavnim organima s ciljem ja\u010danja nacionalnih kapaciteta i unapre\u0111enja sveobuhvatnog bezbednosnog sistema u Republici Srbiji.<\/p>\n\n\n\n<p>Izgradnja odr\u017eivog sistema radijacione i nuklearne sigurnosti i bezbednosti i njegovo konstantno unapre\u0111enje u skladu sa evropskim i me\u0111unarodnim standardima, ja\u010danje zakonodavnog i institucionalnog okvira kao i ljudskih i tehni\u010dkih kapaciteta, treba da predstavlja prioritet za sve relevantne dr\u017eavne institucije u ovoj oblasti. Organizovanje radionica kao \u0161to je ova, uz razmenu iskustava i sticanje novih znanja predstavlja mali ali zna\u010dajan korak ka unapre\u0111enju bezbednosti u Republici Srbiji, zaklju\u010dio je Sla\u0111an Velinov.\u201d<\/p>\n\n\n\n<figure class=\"wp-block-image aligncenter size-full is-resized\"><img loading=\"lazy\" decoding=\"async\" src=\"https:\/\/www.srbatom.gov.rs\/srbatomm\/wp-content\/uploads\/2022\/09\/IMG_9826.jpg\" alt=\"\" class=\"wp-image-14918\" width=\"624\" height=\"351\"\/><\/figure>\n\n\n\n<p>Nacionalna radionica \u2013 Odgovor na bezbednosni vanredni doga\u0111aj odr\u017eana je u organizaciji Zajedni\u010dkog istra\u017eiva\u010dkog centra Evropske komisije, uz podr\u0161ku Direktorata za radijacionu i nuklearnu sigurnost i bezbednost Srbije i Prirodno-matemati\u010dkog fakulteta, Univerziteta u Novom Sadu.<\/p>\n","protected":false},"excerpt":{"rendered":"<p>Na dvodnevnoj nacionalnoj radionici od 20-21. septembra na temu odgovora institucija Republike Srbije na bezbednosni vanredni doga\u0111aj koji uklju\u010duje radioaktivne i nuklearne materijale, koja je zavr\u0161ena danas, predstavljeni su kapaciteti za odgovor institucija Republike Srbije na scenario koji uklju\u010duje krijum\u010darenje radioaktivnih materijala preko dr\u017eavne granice i teroristi\u010dku pretnju sa upotrebom radioaktivnih materijala.<\/p>\n","protected":false},"author":2,"featured_media":14914,"comment_status":"closed","ping_status":"closed","sticky":false,"template":"","format":"standard","meta":{"_et_pb_use_builder":"off","_et_pb_old_content":"","_et_gb_content_width":"","ngg_post_thumbnail":0,"footnotes":""},"categories":[38,36],"tags":[],"class_list":["post-14922","post","type-post","status-publish","format-standard","has-post-thumbnail","hentry","category-saopstenja-bs","category-vesti"],"_links":{"self":[{"href":"https:\/\/www.srbatom.gov.rs\/srbatomm\/wp-json\/wp\/v2\/posts\/14922","targetHints":{"allow":["GET"]}}],"collection":[{"href":"https:\/\/www.srbatom.gov.rs\/srbatomm\/wp-json\/wp\/v2\/posts"}],"about":[{"href":"https:\/\/www.srbatom.gov.rs\/srbatomm\/wp-json\/wp\/v2\/types\/post"}],"author":[{"embeddable":true,"href":"https:\/\/www.srbatom.gov.rs\/srbatomm\/wp-json\/wp\/v2\/users\/2"}],"replies":[{"embeddable":true,"href":"https:\/\/www.srbatom.gov.rs\/srbatomm\/wp-json\/wp\/v2\/comments?post=14922"}],"version-history":[{"count":4,"href":"https:\/\/www.srbatom.gov.rs\/srbatomm\/wp-json\/wp\/v2\/posts\/14922\/revisions"}],"predecessor-version":[{"id":14927,"href":"https:\/\/www.srbatom.gov.rs\/srbatomm\/wp-json\/wp\/v2\/posts\/14922\/revisions\/14927"}],"wp:featuredmedia":[{"embeddable":true,"href":"https:\/\/www.srbatom.gov.rs\/srbatomm\/wp-json\/wp\/v2\/media\/14914"}],"wp:attachment":[{"href":"https:\/\/www.srbatom.gov.rs\/srbatomm\/wp-json\/wp\/v2\/media?parent=14922"}],"wp:term":[{"taxonomy":"category","embeddable":true,"href":"https:\/\/www.srbatom.gov.rs\/srbatomm\/wp-json\/wp\/v2\/categories?post=14922"},{"taxonomy":"post_tag","embeddable":true,"href":"https:\/\/www.srbatom.gov.rs\/srbatomm\/wp-json\/wp\/v2\/tags?post=14922"}],"curies":[{"name":"wp","href":"https:\/\/api.w.org\/{rel}","templated":true}]}}